
{"id":10711,"date":"2010-11-19T07:44:07","date_gmt":"2010-11-19T06:44:07","guid":{"rendered":"http:\/\/adamczewscy.pl\/?p=3036"},"modified":"2010-11-19T07:44:07","modified_gmt":"2010-11-19T06:44:07","slug":"kurczece-udka-po-wegiersku","status":"publish","type":"post","link":"https:\/\/blog.polityka.pl\/adamczewski\/2010\/11\/19\/kurczece-udka-po-wegiersku\/","title":{"rendered":"Kurcz\u0119ce udka po w\u0119giersku"},"content":{"rendered":"<p><em>4-6 udek kurcz\u0119cych, 2 cebule, czerwona papryka i \u0142y\u017cka mielonej s\u0142odkiej papryki, du\u017cy, mi\u0119sisty pomidor ,  2 \u0142y\u017cki \u015bmietany, s\u00f3l, pieprz, 4 \u0142y\u017cki oleju<\/em><\/p>\n<p>1. Udka umy\u0107, osuszy\u0107 kuchenn\u0105 papierow\u0105 \u015bciereczk\u0105, posypa\u0107 sol\u0105 i pieprzem.<br \/>\n2. Cebul\u0119 posieka\u0107 drobno, papryk\u0119 czerwon\u0105 pokroi\u0107 w ma\u0142\u0105 kostk\u0119, podsma\u017cy\u0107 razem na oleju.<br \/>\n3 Do podsma\u017conej cebuli i papryki doda\u0107 mi\u0119so i obsma\u017cy\u0107.<br \/>\n4. Do patelni z mi\u0119sem doda\u0107 pokrojony (obrany uprzednio ze sk\u00f3rki) pomidor, mielon\u0105 papryk\u0119, wla\u0107 p\u00f3\u0142torej szklanki ciep\u0142ej wody i dusi\u0107 wszystko razem oko\u0142o 45 minut.<br \/>\n5. Wla\u0107 \u015bmietan\u0119 i gotowa\u0107 5 minut.<br \/>\nPodawa\u0107 z kluskami k\u0142adzionymi lub makaronem<\/p>\n","protected":false},"excerpt":{"rendered":"<p>4-6 udek kurcz\u0119cych, 2 cebule, czerwona papryka i \u0142y\u017cka mielonej s\u0142odkiej papryki, du\u017cy, mi\u0119sisty pomidor , 2 \u0142y\u017cki \u015bmietany, s\u00f3l, pieprz, 4 \u0142y\u017cki oleju 1. Udka umy\u0107, osuszy\u0107 kuchenn\u0105 papierow\u0105 \u015bciereczk\u0105, posypa\u0107 sol\u0105 i pieprzem. 2. Cebul\u0119 posieka\u0107 drobno, papryk\u0119 czerwon\u0105 pokroi\u0107 w ma\u0142\u0105 kostk\u0119, podsma\u017cy\u0107 razem na oleju. 3 Do podsma\u017conej cebuli i papryki [&hellip;]<\/p>\n","protected":false},"author":2,"featured_media":0,"comment_status":"open","ping_status":"open","sticky":false,"template":"","format":"standard","meta":{"footnotes":""},"categories":[1],"tags":[],"_links":{"self":[{"href":"https:\/\/blog.polityka.pl\/adamczewski\/wp-json\/wp\/v2\/posts\/10711"}],"collection":[{"href":"https:\/\/blog.polityka.pl\/adamczewski\/wp-json\/wp\/v2\/posts"}],"about":[{"href":"https:\/\/blog.polityka.pl\/adamczewski\/wp-json\/wp\/v2\/types\/post"}],"author":[{"embeddable":true,"href":"https:\/\/blog.polityka.pl\/adamczewski\/wp-json\/wp\/v2\/users\/2"}],"replies":[{"embeddable":true,"href":"https:\/\/blog.polityka.pl\/adamczewski\/wp-json\/wp\/v2\/comments?post=10711"}],"version-history":[{"count":0,"href":"https:\/\/blog.polityka.pl\/adamczewski\/wp-json\/wp\/v2\/posts\/10711\/revisions"}],"wp:attachment":[{"href":"https:\/\/blog.polityka.pl\/adamczewski\/wp-json\/wp\/v2\/media?parent=10711"}],"wp:term":[{"taxonomy":"category","embeddable":true,"href":"https:\/\/blog.polityka.pl\/adamczewski\/wp-json\/wp\/v2\/categories?post=10711"},{"taxonomy":"post_tag","embeddable":true,"href":"https:\/\/blog.polityka.pl\/adamczewski\/wp-json\/wp\/v2\/tags?post=10711"}],"curies":[{"name":"wp","href":"https:\/\/api.w.org\/{rel}","templated":true}]}}