
{"id":10712,"date":"2010-11-19T07:44:40","date_gmt":"2010-11-19T06:44:40","guid":{"rendered":"http:\/\/adamczewscy.pl\/?p=3037"},"modified":"2010-11-19T07:44:40","modified_gmt":"2010-11-19T06:44:40","slug":"zur-na-grzybach","status":"publish","type":"post","link":"https:\/\/blog.polityka.pl\/adamczewski\/2010\/11\/19\/zur-na-grzybach\/","title":{"rendered":"\u017bur na grzybach"},"content":{"rendered":"<p><em>Szklanka suszonych grzyb\u00f3w, szklanka \u017curku, cebula, \u0107wier\u0107 kostki mas\u0142a, 8 ziemniak\u00f3w, z\u0105bek czosnku, p\u00f3\u0142 \u0142y\u017ceczki kminku, s\u00f3l, jako dodatek 2-3 jajka na twardo<\/em><\/p>\n<p>1. Namoczy\u0107 na kilka godzin  umyte grzyby w szklance wody.<br \/>\n2. W garnku zagotowa\u0107 \u017cur z 2 szklankami wody, doda\u0107 namoczone, mi\u0119kkie grzyby pokrojone w paski, wraz z wod\u0105, w kt\u00f3rej si\u0119 moczy\u0142y.<br \/>\n3. Cebule drobno posieka\u0107, podsma\u017cy\u0107 na ma\u015ble, doda\u0107 do garnka z zup\u0105.<br \/>\n4. Ziemniaki obra\u0107, pokroi\u0107 w kostk\u0119 i po wrzuceniu do zupy wraz z kminkiem gotowa\u0107 a\u017c do momentu, kiedy ziemniaki stan\u0105 si\u0119 zupe\u0142nie mi\u0119kkie.<br \/>\n5. Doprawi\u0107 zup\u0119 przeci\u015bni\u0119tym przez prask\u0119 czosnkiem.<br \/>\n6. Podaj\u0105c posypa\u0107 posiekanymi jajami na twardo. <\/p>\n","protected":false},"excerpt":{"rendered":"<p>Szklanka suszonych grzyb\u00f3w, szklanka \u017curku, cebula, \u0107wier\u0107 kostki mas\u0142a, 8 ziemniak\u00f3w, z\u0105bek czosnku, p\u00f3\u0142 \u0142y\u017ceczki kminku, s\u00f3l, jako dodatek 2-3 jajka na twardo 1. Namoczy\u0107 na kilka godzin umyte grzyby w szklance wody. 2. W garnku zagotowa\u0107 \u017cur z 2 szklankami wody, doda\u0107 namoczone, mi\u0119kkie grzyby pokrojone w paski, wraz z wod\u0105, w kt\u00f3rej si\u0119 [&hellip;]<\/p>\n","protected":false},"author":2,"featured_media":0,"comment_status":"open","ping_status":"open","sticky":false,"template":"","format":"standard","meta":{"footnotes":""},"categories":[1],"tags":[],"_links":{"self":[{"href":"https:\/\/blog.polityka.pl\/adamczewski\/wp-json\/wp\/v2\/posts\/10712"}],"collection":[{"href":"https:\/\/blog.polityka.pl\/adamczewski\/wp-json\/wp\/v2\/posts"}],"about":[{"href":"https:\/\/blog.polityka.pl\/adamczewski\/wp-json\/wp\/v2\/types\/post"}],"author":[{"embeddable":true,"href":"https:\/\/blog.polityka.pl\/adamczewski\/wp-json\/wp\/v2\/users\/2"}],"replies":[{"embeddable":true,"href":"https:\/\/blog.polityka.pl\/adamczewski\/wp-json\/wp\/v2\/comments?post=10712"}],"version-history":[{"count":0,"href":"https:\/\/blog.polityka.pl\/adamczewski\/wp-json\/wp\/v2\/posts\/10712\/revisions"}],"wp:attachment":[{"href":"https:\/\/blog.polityka.pl\/adamczewski\/wp-json\/wp\/v2\/media?parent=10712"}],"wp:term":[{"taxonomy":"category","embeddable":true,"href":"https:\/\/blog.polityka.pl\/adamczewski\/wp-json\/wp\/v2\/categories?post=10712"},{"taxonomy":"post_tag","embeddable":true,"href":"https:\/\/blog.polityka.pl\/adamczewski\/wp-json\/wp\/v2\/tags?post=10712"}],"curies":[{"name":"wp","href":"https:\/\/api.w.org\/{rel}","templated":true}]}}