
{"id":10714,"date":"2010-11-19T07:46:52","date_gmt":"2010-11-19T06:46:52","guid":{"rendered":"http:\/\/adamczewscy.pl\/?p=3040"},"modified":"2010-11-19T07:46:52","modified_gmt":"2010-11-19T06:46:52","slug":"faszerowane-schabowe-kotlety","status":"publish","type":"post","link":"https:\/\/blog.polityka.pl\/adamczewski\/2010\/11\/19\/faszerowane-schabowe-kotlety\/","title":{"rendered":"Faszerowane schabowe kotlety"},"content":{"rendered":"<p><em>8 kotlet\u00f3w schabowych bez ko\u015bci, p\u00f3\u0142torej szklanki startego \u017c\u00f3\u0142tego sera, 8 cienkich plasterk\u00f3w w\u0119dzonego chudego boczku, 2 \u0142y\u017cki mas\u0142a, po \u0142y\u017ceczce siekanego \u015bwie\u017cego oregano i tymianku, \u017c\u00f3\u0142tko, 2 \u0142y\u017cki tartej bu\u0142ki, \u0142y\u017cka m\u0105ki, s\u00f3l, pieprz,  1\/3 szklanki oleju do sma\u017cenia<\/em><\/p>\n<p>1. Kotlety zbi\u0107 na r\u00f3wne p\u0142aty.<br \/>\n2. Wymiesza\u0107 ser z mas\u0142em, \u017c\u00f3\u0142tkiem, tart\u0105 bu\u0142k\u0105, tymiankiem i oregano, sol\u0105 i pieprzem.<br \/>\n3. Na kotletach pouk\u0142ada\u0107 po plasterku boczku, na nim po porcji nadzienia, z\u0142o\u017cy\u0107 mi\u0119so na p\u00f3\u0142 i spi\u0105\u0107 wyka\u0142aczk\u0105, lekko posypa\u0107 sol\u0105 i pieprzem.<br \/>\n4. Obtoczy\u0107 kotlety w m\u0105ce.<br \/>\n5. Rozgrza\u0107 olej i sma\u017cy\u0107 mi\u0119so ze wszystkich stron na rumiano. Nie powinno si\u0119 sma\u017cy\u0107 na zbyt silnym ale i na zbyt ma\u0142ym ogniu. Mi\u0119so powinno si\u0119 \u0142adnie zrumieni\u0107. <\/p>\n","protected":false},"excerpt":{"rendered":"<p>8 kotlet\u00f3w schabowych bez ko\u015bci, p\u00f3\u0142torej szklanki startego \u017c\u00f3\u0142tego sera, 8 cienkich plasterk\u00f3w w\u0119dzonego chudego boczku, 2 \u0142y\u017cki mas\u0142a, po \u0142y\u017ceczce siekanego \u015bwie\u017cego oregano i tymianku, \u017c\u00f3\u0142tko, 2 \u0142y\u017cki tartej bu\u0142ki, \u0142y\u017cka m\u0105ki, s\u00f3l, pieprz, 1\/3 szklanki oleju do sma\u017cenia 1. Kotlety zbi\u0107 na r\u00f3wne p\u0142aty. 2. Wymiesza\u0107 ser z mas\u0142em, \u017c\u00f3\u0142tkiem, tart\u0105 bu\u0142k\u0105, tymiankiem [&hellip;]<\/p>\n","protected":false},"author":2,"featured_media":0,"comment_status":"open","ping_status":"open","sticky":false,"template":"","format":"standard","meta":{"footnotes":""},"categories":[1],"tags":[],"_links":{"self":[{"href":"https:\/\/blog.polityka.pl\/adamczewski\/wp-json\/wp\/v2\/posts\/10714"}],"collection":[{"href":"https:\/\/blog.polityka.pl\/adamczewski\/wp-json\/wp\/v2\/posts"}],"about":[{"href":"https:\/\/blog.polityka.pl\/adamczewski\/wp-json\/wp\/v2\/types\/post"}],"author":[{"embeddable":true,"href":"https:\/\/blog.polityka.pl\/adamczewski\/wp-json\/wp\/v2\/users\/2"}],"replies":[{"embeddable":true,"href":"https:\/\/blog.polityka.pl\/adamczewski\/wp-json\/wp\/v2\/comments?post=10714"}],"version-history":[{"count":0,"href":"https:\/\/blog.polityka.pl\/adamczewski\/wp-json\/wp\/v2\/posts\/10714\/revisions"}],"wp:attachment":[{"href":"https:\/\/blog.polityka.pl\/adamczewski\/wp-json\/wp\/v2\/media?parent=10714"}],"wp:term":[{"taxonomy":"category","embeddable":true,"href":"https:\/\/blog.polityka.pl\/adamczewski\/wp-json\/wp\/v2\/categories?post=10714"},{"taxonomy":"post_tag","embeddable":true,"href":"https:\/\/blog.polityka.pl\/adamczewski\/wp-json\/wp\/v2\/tags?post=10714"}],"curies":[{"name":"wp","href":"https:\/\/api.w.org\/{rel}","templated":true}]}}