
{"id":10715,"date":"2010-11-26T08:17:25","date_gmt":"2010-11-26T07:17:25","guid":{"rendered":"http:\/\/adamczewscy.pl\/?p=3042"},"modified":"2010-11-26T08:17:25","modified_gmt":"2010-11-26T07:17:25","slug":"pyszny-sernik-wiedenski","status":"publish","type":"post","link":"https:\/\/blog.polityka.pl\/adamczewski\/2010\/11\/26\/pyszny-sernik-wiedenski\/","title":{"rendered":"Pyszny sernik wiede\u0144ski"},"content":{"rendered":"<p><em>1 kg  sera trzykrotnie mielonego,5 \u0142y\u017cek mas\u0142a,5 jaj, szklanka cukru, \u0142y\u017cka maki ziemniaczanej, \u0142y\u017ceczka proszku do pieczenia, cukier waniliowy z prawdziw\u0105  wanili\u0105, szklanka rodzynek, \u0142y\u017cka mas\u0142a do posmarowania formy.<\/p>\n<p>Na polew\u0119: p\u00f3\u0142 tabliczki czekolady deserowej<\/em><\/p>\n<p>1. Utrze\u0107 mikserem ser z mas\u0142em na bardzo g\u0142adk\u0105 mas\u0119.<\/p>\n<p>2. Utrze\u0107 puszysty kogel  mogel z \u017c\u00f3\u0142tek z cukrem.<\/p>\n<p>3. Do utartego sera doda\u0107  m\u0105k\u0119 ziemniaczan\u0105 wymieszan\u0105  z proszkiem do pieczenia, cukier waniliowy  i rodzynki.<\/p>\n<p>4. Ubi\u0107  bardzo sztywn\u0105  pian\u0119  z bia\u0142ek.<\/p>\n<p>5. Wymiesza\u0107 mas\u0119 serow\u0105 z utartymi \u017c\u00f3\u0142tkami i pian\u0119 ,doda\u0107 rodzynki, wymiesza\u0107 dok\u0142adnie lecz ostro\u017cnie.<\/p>\n<p>6. Posmarowa\u0107 tortownic\u0119 mas\u0142em, prze\u0142o\u017cy\u0107 do niej mas\u0119.<\/p>\n<p>7. Nagrza\u0107 piekarnik do 180 st. C i piec sernik 40 minut, po zgaszeniu grzania pozostawi\u0107  sernik jeszcze w piekarniku przez 10 minut.<\/p>\n<p>8. Rozpu\u015bci\u0107  czekolad\u0119  w  kuchence mikrofalowej i pola\u0107  wierzch sernika.<\/p>\n","protected":false},"excerpt":{"rendered":"<p>1 kg sera trzykrotnie mielonego,5 \u0142y\u017cek mas\u0142a,5 jaj, szklanka cukru, \u0142y\u017cka maki ziemniaczanej, \u0142y\u017ceczka proszku do pieczenia, cukier waniliowy z prawdziw\u0105 wanili\u0105, szklanka rodzynek, \u0142y\u017cka mas\u0142a do posmarowania formy. Na polew\u0119: p\u00f3\u0142 tabliczki czekolady deserowej 1. Utrze\u0107 mikserem ser z mas\u0142em na bardzo g\u0142adk\u0105 mas\u0119. 2. Utrze\u0107 puszysty kogel mogel z \u017c\u00f3\u0142tek z cukrem. 3. [&hellip;]<\/p>\n","protected":false},"author":2,"featured_media":0,"comment_status":"open","ping_status":"open","sticky":false,"template":"","format":"standard","meta":{"footnotes":""},"categories":[1],"tags":[],"_links":{"self":[{"href":"https:\/\/blog.polityka.pl\/adamczewski\/wp-json\/wp\/v2\/posts\/10715"}],"collection":[{"href":"https:\/\/blog.polityka.pl\/adamczewski\/wp-json\/wp\/v2\/posts"}],"about":[{"href":"https:\/\/blog.polityka.pl\/adamczewski\/wp-json\/wp\/v2\/types\/post"}],"author":[{"embeddable":true,"href":"https:\/\/blog.polityka.pl\/adamczewski\/wp-json\/wp\/v2\/users\/2"}],"replies":[{"embeddable":true,"href":"https:\/\/blog.polityka.pl\/adamczewski\/wp-json\/wp\/v2\/comments?post=10715"}],"version-history":[{"count":0,"href":"https:\/\/blog.polityka.pl\/adamczewski\/wp-json\/wp\/v2\/posts\/10715\/revisions"}],"wp:attachment":[{"href":"https:\/\/blog.polityka.pl\/adamczewski\/wp-json\/wp\/v2\/media?parent=10715"}],"wp:term":[{"taxonomy":"category","embeddable":true,"href":"https:\/\/blog.polityka.pl\/adamczewski\/wp-json\/wp\/v2\/categories?post=10715"},{"taxonomy":"post_tag","embeddable":true,"href":"https:\/\/blog.polityka.pl\/adamczewski\/wp-json\/wp\/v2\/tags?post=10715"}],"curies":[{"name":"wp","href":"https:\/\/api.w.org\/{rel}","templated":true}]}}