
{"id":10716,"date":"2010-11-26T08:18:00","date_gmt":"2010-11-26T07:18:00","guid":{"rendered":"http:\/\/adamczewscy.pl\/?p=3043"},"modified":"2010-11-26T08:18:00","modified_gmt":"2010-11-26T07:18:00","slug":"piernik-%e2%80%9eprzepyszny%e2%80%9d","status":"publish","type":"post","link":"https:\/\/blog.polityka.pl\/adamczewski\/2010\/11\/26\/piernik-%e2%80%9eprzepyszny%e2%80%9d\/","title":{"rendered":"Piernik ?przepyszny?"},"content":{"rendered":"<p><em>P\u00f3\u0142torej szklanki m\u0105ki tortowej, 6 \u0142y\u017cek cukru, p\u00f3\u0142 szklanki p\u0142ynnego miodu gryczanego, \u0142y\u017cka ciemnego kakao, 3 jaja, p\u00f3\u0142 szklanki \u015bmietany 22-proc., torebeczka cukru z prawdziw\u0105 wanili\u0105, \u0142y\u017ceczka dobrej przyprawy do piernika, p\u0142aska \u0142y\u017ceczka sody oczyszczonej, szklanka mieszanych bakalii wed\u0142ug gustu,<br \/>\nDo posmarowania formy keksowej: \u0142y\u017cka mas\u0142a, do jej wysypania: \u0142y\u017cka tartej bu\u0142ki<br \/>\nDo polania ciasta: p\u00f3\u0142 tabliczki gorzkiej czekolady i 2 \u0142y\u017cki mas\u0142a<\/em><\/p>\n<p>1. Utrze\u0107 \u017c\u00f3\u0142tka z cukrem na puszyst\u0105 mas\u0119, doda\u0107 m\u0105k\u0119 wymieszana z sod\u0105, kakao i mi\u00f3d oraz cukier waniliowy, przypraw\u0119 do piernika i \u015bmietan\u0119 oraz bakalie. Dok\u0142adnie wymiesza\u0107 ciasto.<br \/>\n2. Ubi\u0107 bardzo sztywn\u0105 pian\u0119 i dodawa\u0107 po kilka \u0142y\u017cek do ciasta mieszaj\u0105c.<br \/>\n3. Prze\u0142o\u017cy\u0107 ciasto do posmarowanej mas\u0142em i wysypanej tart\u0105 bu\u0142k\u0105 foremki.<br \/>\n4. Piekarnik nagrza\u0107 do temperatury 180 st. C i piec piernik 55 minut. Ostudzi\u0107.<br \/>\n5. Czekolad\u0119 razem z mas\u0142em wstawi\u0107 w kubeczku do kuchenki mikrofalowej rozpu\u015bci\u0107, po czym dok\u0142adnie razem utrze\u0107. Wyla\u0107 na ostudzony piernik i przy pomocy p\u0142askiego no\u017ca rozsmarowa\u0107 na wierzchu ciasta. <\/p>\n","protected":false},"excerpt":{"rendered":"<p>P\u00f3\u0142torej szklanki m\u0105ki tortowej, 6 \u0142y\u017cek cukru, p\u00f3\u0142 szklanki p\u0142ynnego miodu gryczanego, \u0142y\u017cka ciemnego kakao, 3 jaja, p\u00f3\u0142 szklanki \u015bmietany 22-proc., torebeczka cukru z prawdziw\u0105 wanili\u0105, \u0142y\u017ceczka dobrej przyprawy do piernika, p\u0142aska \u0142y\u017ceczka sody oczyszczonej, szklanka mieszanych bakalii wed\u0142ug gustu, Do posmarowania formy keksowej: \u0142y\u017cka mas\u0142a, do jej wysypania: \u0142y\u017cka tartej bu\u0142ki Do polania ciasta: [&hellip;]<\/p>\n","protected":false},"author":2,"featured_media":0,"comment_status":"open","ping_status":"open","sticky":false,"template":"","format":"standard","meta":{"footnotes":""},"categories":[1],"tags":[],"_links":{"self":[{"href":"https:\/\/blog.polityka.pl\/adamczewski\/wp-json\/wp\/v2\/posts\/10716"}],"collection":[{"href":"https:\/\/blog.polityka.pl\/adamczewski\/wp-json\/wp\/v2\/posts"}],"about":[{"href":"https:\/\/blog.polityka.pl\/adamczewski\/wp-json\/wp\/v2\/types\/post"}],"author":[{"embeddable":true,"href":"https:\/\/blog.polityka.pl\/adamczewski\/wp-json\/wp\/v2\/users\/2"}],"replies":[{"embeddable":true,"href":"https:\/\/blog.polityka.pl\/adamczewski\/wp-json\/wp\/v2\/comments?post=10716"}],"version-history":[{"count":0,"href":"https:\/\/blog.polityka.pl\/adamczewski\/wp-json\/wp\/v2\/posts\/10716\/revisions"}],"wp:attachment":[{"href":"https:\/\/blog.polityka.pl\/adamczewski\/wp-json\/wp\/v2\/media?parent=10716"}],"wp:term":[{"taxonomy":"category","embeddable":true,"href":"https:\/\/blog.polityka.pl\/adamczewski\/wp-json\/wp\/v2\/categories?post=10716"},{"taxonomy":"post_tag","embeddable":true,"href":"https:\/\/blog.polityka.pl\/adamczewski\/wp-json\/wp\/v2\/tags?post=10716"}],"curies":[{"name":"wp","href":"https:\/\/api.w.org\/{rel}","templated":true}]}}