
{"id":10717,"date":"2010-11-26T08:22:19","date_gmt":"2010-11-26T07:22:19","guid":{"rendered":"http:\/\/adamczewscy.pl\/?p=3044"},"modified":"2010-11-26T08:22:19","modified_gmt":"2010-11-26T07:22:19","slug":"serowa-zapiekanka-z-jablkami-i-daktylami","status":"publish","type":"post","link":"https:\/\/blog.polityka.pl\/adamczewski\/2010\/11\/26\/serowa-zapiekanka-z-jablkami-i-daktylami\/","title":{"rendered":"Serowa zapiekanka z jab\u0142kami i daktylami"},"content":{"rendered":"<p><em>30 dag sera trzykrotnie mielonego, 2 niezbyt kwa\u015bne jab\u0142ka, 3\/4 szklanki pokrojonych w paski daktyli, 2 jaja, 5 \u0142y\u017cek soku pomara\u0144czowego, 3 \u0142y\u017cki m\u0105ki, \u0142y\u017ceczka proszku do pieczenia, szczypta soli.<br \/>\nDo posmarowania formy: \u0142y\u017cka oliwy lub p\u00f3\u0142 \u0142y\u017cki mas\u0142a<\/em><\/p>\n<p>1. Umyte jab\u0142ka przekroi\u0107 na po\u0142\u00f3wki, usun\u0105\u0107 gniazda nasienne i pokroi\u0107 w cienkie plasterki, doda\u0107 pokrojone daktyle, wymiesza\u0107.<br \/>\n2. Sok pomara\u0144czowy, ser, m\u0105k\u0119 z proszkiem do pieczenia, szczypt\u0119 soli miesza\u0107 dop\u00f3ki masa nie uzyska jednorodnej konsystencji. Doda\u0107 do jab\u0142ek z daktylami i jeszcze raz wymiesza\u0107.<br \/>\n3. Do posmarowanej oliw\u0105 lub mas\u0142em formy \u017caroodpornej prze\u0142o\u017cy\u0107  mas\u0119. Wstawi\u0107 do nagrzanego do 180 st. C piekarnika i piec oko\u0142o 40 minut.<br \/>\nZapiekanka ta smakuje doskonale z dodatkiem ubitej \u015bmietany. <\/p>\n","protected":false},"excerpt":{"rendered":"<p>30 dag sera trzykrotnie mielonego, 2 niezbyt kwa\u015bne jab\u0142ka, 3\/4 szklanki pokrojonych w paski daktyli, 2 jaja, 5 \u0142y\u017cek soku pomara\u0144czowego, 3 \u0142y\u017cki m\u0105ki, \u0142y\u017ceczka proszku do pieczenia, szczypta soli. Do posmarowania formy: \u0142y\u017cka oliwy lub p\u00f3\u0142 \u0142y\u017cki mas\u0142a 1. Umyte jab\u0142ka przekroi\u0107 na po\u0142\u00f3wki, usun\u0105\u0107 gniazda nasienne i pokroi\u0107 w cienkie plasterki, doda\u0107 pokrojone [&hellip;]<\/p>\n","protected":false},"author":2,"featured_media":0,"comment_status":"open","ping_status":"open","sticky":false,"template":"","format":"standard","meta":{"footnotes":""},"categories":[1],"tags":[],"_links":{"self":[{"href":"https:\/\/blog.polityka.pl\/adamczewski\/wp-json\/wp\/v2\/posts\/10717"}],"collection":[{"href":"https:\/\/blog.polityka.pl\/adamczewski\/wp-json\/wp\/v2\/posts"}],"about":[{"href":"https:\/\/blog.polityka.pl\/adamczewski\/wp-json\/wp\/v2\/types\/post"}],"author":[{"embeddable":true,"href":"https:\/\/blog.polityka.pl\/adamczewski\/wp-json\/wp\/v2\/users\/2"}],"replies":[{"embeddable":true,"href":"https:\/\/blog.polityka.pl\/adamczewski\/wp-json\/wp\/v2\/comments?post=10717"}],"version-history":[{"count":0,"href":"https:\/\/blog.polityka.pl\/adamczewski\/wp-json\/wp\/v2\/posts\/10717\/revisions"}],"wp:attachment":[{"href":"https:\/\/blog.polityka.pl\/adamczewski\/wp-json\/wp\/v2\/media?parent=10717"}],"wp:term":[{"taxonomy":"category","embeddable":true,"href":"https:\/\/blog.polityka.pl\/adamczewski\/wp-json\/wp\/v2\/categories?post=10717"},{"taxonomy":"post_tag","embeddable":true,"href":"https:\/\/blog.polityka.pl\/adamczewski\/wp-json\/wp\/v2\/tags?post=10717"}],"curies":[{"name":"wp","href":"https:\/\/api.w.org\/{rel}","templated":true}]}}