
{"id":10723,"date":"2010-12-03T08:16:59","date_gmt":"2010-12-03T07:16:59","guid":{"rendered":"http:\/\/adamczewscy.pl\/?p=3051"},"modified":"2010-12-03T08:16:59","modified_gmt":"2010-12-03T07:16:59","slug":"owocowe-placuszki","status":"publish","type":"post","link":"https:\/\/blog.polityka.pl\/adamczewski\/2010\/12\/03\/owocowe-placuszki\/","title":{"rendered":"Owocowe placuszki"},"content":{"rendered":"<p><em>Szklanka i 1\/3 m\u0105ki, 2 jaja, 2 serki homogenizowane o smaku brzoskwiniowym, du\u017ce jab\u0142ko, szczypta soli, ? szklanki wody gazowanej, 3\/4 szklanki mleka<br \/>\nDo sma\u017cenia: 4 \u0142y\u017cki oleju<br \/>\nJako dodatek &#8211; sos: p\u00f3\u0142 puszki brzoskwi\u0144 w syropie, szklanka \u015bmietany 12-proc., \u0142y\u017cka cukru ? pudru, \u0142y\u017ceczka cynamonu<\/em><\/p>\n<p>1. Przygotowa\u0107 placuszki: wymiesza\u0107 m\u0105k\u0119 z jajkami, wod\u0105 gazowan\u0105 i mlekiem, doda\u0107 serki homogenizowane i starte na grubej jarzynowej tarce jab\u0142ko.<br \/>\n2. Rozgrza\u0107 olej na patelni, sma\u017cy\u0107 okr\u0105g\u0142e placuszki, uk\u0142ada\u0107 dla ods\u0105czenia t\u0142uszczu na papierowym r\u0119czniku kuchennym.<br \/>\n3. Przygotowa\u0107 sos: zmiksowa\u0107 pokrojone na kawa\u0142ki brzoskwinie, doda\u0107 \u015bmietan\u0119 i cukier oraz cynamon. <\/p>\n","protected":false},"excerpt":{"rendered":"<p>Szklanka i 1\/3 m\u0105ki, 2 jaja, 2 serki homogenizowane o smaku brzoskwiniowym, du\u017ce jab\u0142ko, szczypta soli, ? szklanki wody gazowanej, 3\/4 szklanki mleka Do sma\u017cenia: 4 \u0142y\u017cki oleju Jako dodatek &#8211; sos: p\u00f3\u0142 puszki brzoskwi\u0144 w syropie, szklanka \u015bmietany 12-proc., \u0142y\u017cka cukru ? pudru, \u0142y\u017ceczka cynamonu 1. Przygotowa\u0107 placuszki: wymiesza\u0107 m\u0105k\u0119 z jajkami, wod\u0105 gazowan\u0105 [&hellip;]<\/p>\n","protected":false},"author":2,"featured_media":0,"comment_status":"open","ping_status":"open","sticky":false,"template":"","format":"standard","meta":{"footnotes":""},"categories":[1],"tags":[],"_links":{"self":[{"href":"https:\/\/blog.polityka.pl\/adamczewski\/wp-json\/wp\/v2\/posts\/10723"}],"collection":[{"href":"https:\/\/blog.polityka.pl\/adamczewski\/wp-json\/wp\/v2\/posts"}],"about":[{"href":"https:\/\/blog.polityka.pl\/adamczewski\/wp-json\/wp\/v2\/types\/post"}],"author":[{"embeddable":true,"href":"https:\/\/blog.polityka.pl\/adamczewski\/wp-json\/wp\/v2\/users\/2"}],"replies":[{"embeddable":true,"href":"https:\/\/blog.polityka.pl\/adamczewski\/wp-json\/wp\/v2\/comments?post=10723"}],"version-history":[{"count":0,"href":"https:\/\/blog.polityka.pl\/adamczewski\/wp-json\/wp\/v2\/posts\/10723\/revisions"}],"wp:attachment":[{"href":"https:\/\/blog.polityka.pl\/adamczewski\/wp-json\/wp\/v2\/media?parent=10723"}],"wp:term":[{"taxonomy":"category","embeddable":true,"href":"https:\/\/blog.polityka.pl\/adamczewski\/wp-json\/wp\/v2\/categories?post=10723"},{"taxonomy":"post_tag","embeddable":true,"href":"https:\/\/blog.polityka.pl\/adamczewski\/wp-json\/wp\/v2\/tags?post=10723"}],"curies":[{"name":"wp","href":"https:\/\/api.w.org\/{rel}","templated":true}]}}