
{"id":10725,"date":"2010-12-03T08:18:05","date_gmt":"2010-12-03T07:18:05","guid":{"rendered":"http:\/\/adamczewscy.pl\/?p=3053"},"modified":"2010-12-03T08:18:05","modified_gmt":"2010-12-03T07:18:05","slug":"budyn-jablkowy-z-twarogiem","status":"publish","type":"post","link":"https:\/\/blog.polityka.pl\/adamczewski\/2010\/12\/03\/budyn-jablkowy-z-twarogiem\/","title":{"rendered":"Budy\u0144 jab\u0142kowy z twarogiem"},"content":{"rendered":"<p><em>20 dag twarogu trzykrotnie mielonego lub innego, mi\u0119kkiego i nie kwa\u015bnego, 50 dag jab\u0142ek, cytryna, 3\/4 szklanki cukru, p\u00f3\u0142 opakowania cukru waniliowego z prawdziw\u0105 wanili\u0105, 4 jaja, 3\/4 szklanki tartej bu\u0142ki,<br \/>\nDo posmarowania formy do budyniu: \u0142y\u017cka mas\u0142a<br \/>\nDo wysypania formy: 2 \u0142y\u017cki tartej bu\u0142ki<\/em><\/p>\n<p>1. Cytryn\u0119 otrze\u0107 na tarce ze sk\u00f3rki.<br \/>\n2. Jab\u0142ka obra\u0107 ze sk\u00f3rki, usun\u0105\u0107 gniazda nasienne i zetrze\u0107 na grubej jarzynowej tarce, skropi\u0107 sokiem cytrynowym, aby nie \u015bciemnia\u0142y.<br \/>\n3. Ubi\u0107 na sztywno pian\u0119 z bia\u0142ek, pod koniec dodaj\u0105c po trochu cukier i nadal ubijaj\u0105c.<br \/>\n4. Do ubitej piany doda\u0107 \u017c\u00f3\u0142tka i cukier waniliowy, tart\u0105 bu\u0142k\u0119 oraz twar\u00f3g i starte jab\u0142ka. Wymiesza\u0107.<br \/>\n5. Posmarowa\u0107 mas\u0142em form\u0119 do budyniu, wysypa\u0107 j\u0105 tart\u0105 bu\u0142k\u0105 i prze\u0142o\u017cy\u0107 mas\u0119 twarogowo-jab\u0142kow\u0105, zamkn\u0105\u0107 szczelnie o gotowa\u0107 w naczyniu z woda oko\u0142o godziny. Najsmaczniejszy jest budy\u0144 na gor\u0105co. <\/p>\n","protected":false},"excerpt":{"rendered":"<p>20 dag twarogu trzykrotnie mielonego lub innego, mi\u0119kkiego i nie kwa\u015bnego, 50 dag jab\u0142ek, cytryna, 3\/4 szklanki cukru, p\u00f3\u0142 opakowania cukru waniliowego z prawdziw\u0105 wanili\u0105, 4 jaja, 3\/4 szklanki tartej bu\u0142ki, Do posmarowania formy do budyniu: \u0142y\u017cka mas\u0142a Do wysypania formy: 2 \u0142y\u017cki tartej bu\u0142ki 1. Cytryn\u0119 otrze\u0107 na tarce ze sk\u00f3rki. 2. Jab\u0142ka obra\u0107 [&hellip;]<\/p>\n","protected":false},"author":2,"featured_media":0,"comment_status":"open","ping_status":"open","sticky":false,"template":"","format":"standard","meta":{"footnotes":""},"categories":[1],"tags":[],"_links":{"self":[{"href":"https:\/\/blog.polityka.pl\/adamczewski\/wp-json\/wp\/v2\/posts\/10725"}],"collection":[{"href":"https:\/\/blog.polityka.pl\/adamczewski\/wp-json\/wp\/v2\/posts"}],"about":[{"href":"https:\/\/blog.polityka.pl\/adamczewski\/wp-json\/wp\/v2\/types\/post"}],"author":[{"embeddable":true,"href":"https:\/\/blog.polityka.pl\/adamczewski\/wp-json\/wp\/v2\/users\/2"}],"replies":[{"embeddable":true,"href":"https:\/\/blog.polityka.pl\/adamczewski\/wp-json\/wp\/v2\/comments?post=10725"}],"version-history":[{"count":0,"href":"https:\/\/blog.polityka.pl\/adamczewski\/wp-json\/wp\/v2\/posts\/10725\/revisions"}],"wp:attachment":[{"href":"https:\/\/blog.polityka.pl\/adamczewski\/wp-json\/wp\/v2\/media?parent=10725"}],"wp:term":[{"taxonomy":"category","embeddable":true,"href":"https:\/\/blog.polityka.pl\/adamczewski\/wp-json\/wp\/v2\/categories?post=10725"},{"taxonomy":"post_tag","embeddable":true,"href":"https:\/\/blog.polityka.pl\/adamczewski\/wp-json\/wp\/v2\/tags?post=10725"}],"curies":[{"name":"wp","href":"https:\/\/api.w.org\/{rel}","templated":true}]}}