
{"id":10726,"date":"2010-12-10T07:37:59","date_gmt":"2010-12-10T06:37:59","guid":{"rendered":"http:\/\/adamczewscy.pl\/?p=3055"},"modified":"2010-12-10T07:37:59","modified_gmt":"2010-12-10T06:37:59","slug":"nalesniki-z-serami-i-porami","status":"publish","type":"post","link":"https:\/\/blog.polityka.pl\/adamczewski\/2010\/12\/10\/nalesniki-z-serami-i-porami\/","title":{"rendered":"Nale\u015bniki z serami i porami"},"content":{"rendered":"<p><em>Na nale\u015bniki: szklanka m\u0105ki, 2 jajka, szklanka mleka, szklanka wody gazowanej, \u0142y\u017cka oleju do sma\u017cenia.<br \/>\nNa farsz: 4 du\u017ce pory,  \u0142y\u017cka mas\u0142a i \u0142y\u017cka oleju, kostka bulionu warzywnego, s\u00f3l, pieprz<br \/>\n8 plasterk\u00f3w sera gouda, 30 dag fety, 2 \u0142y\u017cki posiekanej zielonej pietruszki, \u0142y\u017cka mas\u0142a do posmarowania tortownicy<br \/>\nDo posypania wierzchu: 2 \u0142y\u017cki startego jakiegokolwiek sera (ementaler lub gouda) <\/em><\/p>\n<p>1. Zmiksowa\u0107 wszystkie podane sk\u0142adniki ciasta i odstawi\u0107 je na p\u00f3\u0142 godziny. Nast\u0119pnie usma\u017cy\u0107 nale\u015bniki na smarowanej cienko olejem patelni.<br \/>\n2. Pory starannie oczy\u015bci\u0107, odci\u0105\u0107 zielone ko\u0144c\u00f3wki, reszt\u0119 pokroi\u0107 w cienki makaronik; rozgrza\u0107 na patelni mas\u0142o z olejem, doda\u0107 pory i pokruszon\u0105 kostk\u0119 bulionu warzywnego, doda\u0107 pieprz i miesza\u0107, a\u017c pory si\u0119 poddusz\u0105 i stan\u0105 szkliste,  w\u00f3wczas doda\u0107 4 \u0142y\u017cki wody i dusi\u0107 dalej pod przykryciem jeszcze 4 &#8211; 5 minut.<br \/>\n3. Fet\u0119 pokruszy\u0107 widelcem, doda\u0107 do por\u00f3w wraz z 2 \u0142y\u017ckami posiekanej zielonej pietruszki.<br \/>\n4. W posmarowanej mas\u0142em tortownicy u\u0142o\u017cy\u0107 pierwszy nale\u015bnik, na nim duszone pory z fet\u0105, na nich plasterek sera gouda, nast\u0119pnie kolejny nale\u015bnik, pory i ser gouda i tak dalej, powinno by\u0107 8 warstw przy czym ostatni\u0105 warstw\u0119 powinien stanowi\u0107 nale\u015bnik, kt\u00f3ry posypa\u0107 startym serem.<br \/>\n5. Nagrza\u0107 piekarnik do temperatury 180 st. C i zapieka\u0107 nale\u015bniki oko\u0142o 20 &#8211; 25 minut. <\/p>\n","protected":false},"excerpt":{"rendered":"<p>Na nale\u015bniki: szklanka m\u0105ki, 2 jajka, szklanka mleka, szklanka wody gazowanej, \u0142y\u017cka oleju do sma\u017cenia. Na farsz: 4 du\u017ce pory, \u0142y\u017cka mas\u0142a i \u0142y\u017cka oleju, kostka bulionu warzywnego, s\u00f3l, pieprz 8 plasterk\u00f3w sera gouda, 30 dag fety, 2 \u0142y\u017cki posiekanej zielonej pietruszki, \u0142y\u017cka mas\u0142a do posmarowania tortownicy Do posypania wierzchu: 2 \u0142y\u017cki startego jakiegokolwiek sera [&hellip;]<\/p>\n","protected":false},"author":2,"featured_media":0,"comment_status":"open","ping_status":"open","sticky":false,"template":"","format":"standard","meta":{"footnotes":""},"categories":[1],"tags":[],"_links":{"self":[{"href":"https:\/\/blog.polityka.pl\/adamczewski\/wp-json\/wp\/v2\/posts\/10726"}],"collection":[{"href":"https:\/\/blog.polityka.pl\/adamczewski\/wp-json\/wp\/v2\/posts"}],"about":[{"href":"https:\/\/blog.polityka.pl\/adamczewski\/wp-json\/wp\/v2\/types\/post"}],"author":[{"embeddable":true,"href":"https:\/\/blog.polityka.pl\/adamczewski\/wp-json\/wp\/v2\/users\/2"}],"replies":[{"embeddable":true,"href":"https:\/\/blog.polityka.pl\/adamczewski\/wp-json\/wp\/v2\/comments?post=10726"}],"version-history":[{"count":0,"href":"https:\/\/blog.polityka.pl\/adamczewski\/wp-json\/wp\/v2\/posts\/10726\/revisions"}],"wp:attachment":[{"href":"https:\/\/blog.polityka.pl\/adamczewski\/wp-json\/wp\/v2\/media?parent=10726"}],"wp:term":[{"taxonomy":"category","embeddable":true,"href":"https:\/\/blog.polityka.pl\/adamczewski\/wp-json\/wp\/v2\/categories?post=10726"},{"taxonomy":"post_tag","embeddable":true,"href":"https:\/\/blog.polityka.pl\/adamczewski\/wp-json\/wp\/v2\/tags?post=10726"}],"curies":[{"name":"wp","href":"https:\/\/api.w.org\/{rel}","templated":true}]}}