
{"id":10727,"date":"2010-12-10T07:39:29","date_gmt":"2010-12-10T06:39:29","guid":{"rendered":"http:\/\/adamczewscy.pl\/?p=3056"},"modified":"2010-12-10T07:39:29","modified_gmt":"2010-12-10T06:39:29","slug":"pierniczki-choinkowe-zuzi","status":"publish","type":"post","link":"https:\/\/blog.polityka.pl\/adamczewski\/2010\/12\/10\/pierniczki-choinkowe-zuzi\/","title":{"rendered":"Pierniczki choinkowe Zuzi"},"content":{"rendered":"<p><em>30 dag miodu, 20 dag cukru, p\u00f3\u0142 kostki mas\u0142a, 2 torebki przyprawy do piernik\u00f3w, p\u00f3\u0142 kg m\u0105ki, 2 \u0142y\u017cki kakao, ma\u0142a torebka proszku do pieczenia, 1 jajo. <\/em><\/p>\n<p>Mi\u00f3d, cukier, mas\u0142o i przypraw\u0119 do piernika gotowa\u0107 w garnuszku  a\u017c powstanie jednorodna masa. Ostudzi\u0107.<br \/>\nDo ostudzonej masy doda\u0107 m\u0105k\u0119, 2 \u0142y\u017cki kakao, ma\u0142\u0105 torebk\u0119 proszku do pieczenia i jajo. Starannie wyrobi\u0107 ciasto. Gdyby by\u0142o zbyt lepkie &#8211; mo\u017cna doda\u0107 nieco wi\u0119cej m\u0105ki.<br \/>\nCiasto rozwa\u0142kowa\u0107 na grubo\u015b\u0107 3 &#8211; 4 mm i wykrawa\u0107 dowolne formy. Piec w 180 st. C oko\u0142o kwadransa.<br \/>\nMo\u017cna wk\u0142ada\u0107 w naci\u0119te w pierniczkach dziurki kawa\u0142ki kolorowych landrynek: w czasie pieczenia powstan\u0105 z nich jakby kolorowe witra\u017ce.<br \/>\nUwaga! dziurki,  potrzebne do prze\u0142o\u017cenia nitek lub sznureczk\u00f3w do wieszania na choince, robi\u0107 w ciep\u0142ych pierniczkach, bezpo\u015brednio po upieczeniu. Pierniczki mo\u017cna zdobi\u0107 kolorowymi cukrowymi pisakami lub bakaliami. <\/p>\n","protected":false},"excerpt":{"rendered":"<p>30 dag miodu, 20 dag cukru, p\u00f3\u0142 kostki mas\u0142a, 2 torebki przyprawy do piernik\u00f3w, p\u00f3\u0142 kg m\u0105ki, 2 \u0142y\u017cki kakao, ma\u0142a torebka proszku do pieczenia, 1 jajo. Mi\u00f3d, cukier, mas\u0142o i przypraw\u0119 do piernika gotowa\u0107 w garnuszku a\u017c powstanie jednorodna masa. Ostudzi\u0107. Do ostudzonej masy doda\u0107 m\u0105k\u0119, 2 \u0142y\u017cki kakao, ma\u0142\u0105 torebk\u0119 proszku do pieczenia [&hellip;]<\/p>\n","protected":false},"author":2,"featured_media":0,"comment_status":"open","ping_status":"open","sticky":false,"template":"","format":"standard","meta":{"footnotes":""},"categories":[1],"tags":[],"_links":{"self":[{"href":"https:\/\/blog.polityka.pl\/adamczewski\/wp-json\/wp\/v2\/posts\/10727"}],"collection":[{"href":"https:\/\/blog.polityka.pl\/adamczewski\/wp-json\/wp\/v2\/posts"}],"about":[{"href":"https:\/\/blog.polityka.pl\/adamczewski\/wp-json\/wp\/v2\/types\/post"}],"author":[{"embeddable":true,"href":"https:\/\/blog.polityka.pl\/adamczewski\/wp-json\/wp\/v2\/users\/2"}],"replies":[{"embeddable":true,"href":"https:\/\/blog.polityka.pl\/adamczewski\/wp-json\/wp\/v2\/comments?post=10727"}],"version-history":[{"count":0,"href":"https:\/\/blog.polityka.pl\/adamczewski\/wp-json\/wp\/v2\/posts\/10727\/revisions"}],"wp:attachment":[{"href":"https:\/\/blog.polityka.pl\/adamczewski\/wp-json\/wp\/v2\/media?parent=10727"}],"wp:term":[{"taxonomy":"category","embeddable":true,"href":"https:\/\/blog.polityka.pl\/adamczewski\/wp-json\/wp\/v2\/categories?post=10727"},{"taxonomy":"post_tag","embeddable":true,"href":"https:\/\/blog.polityka.pl\/adamczewski\/wp-json\/wp\/v2\/tags?post=10727"}],"curies":[{"name":"wp","href":"https:\/\/api.w.org\/{rel}","templated":true}]}}