
{"id":10728,"date":"2010-12-10T07:40:18","date_gmt":"2010-12-10T06:40:18","guid":{"rendered":"http:\/\/adamczewscy.pl\/?p=3057"},"modified":"2010-12-10T07:40:18","modified_gmt":"2010-12-10T06:40:18","slug":"sledziowe-roladki","status":"publish","type":"post","link":"https:\/\/blog.polityka.pl\/adamczewski\/2010\/12\/10\/sledziowe-roladki\/","title":{"rendered":"\u015aledziowe roladki"},"content":{"rendered":"<p><em>8 marynowanych p\u0142at\u00f3w \u015bledziowych, 3 \u0142y\u017cki marynowanych kurek, 3 \u0142y\u017cki majonezu light, p\u00f3\u0142 \u0142y\u017ceczki suszonej papryczki chili, 16 korniszon\u00f3w, 2 \u0142y\u017cki posiekanej zielonej pietruszki, \u015bwie\u017co mielony kolorowy pieprz. <\/em><\/p>\n<p>1. P\u0142aty \u015bledziowe os\u0105czy\u0107 z zalewy.<br \/>\n2. Posieka\u0107 marynowane kurki i korniszony, wymiesza\u0107 z majonezem i ostr\u0105 papryk\u0105, na ka\u017cdym p\u0142acie u\u0142o\u017cy\u0107 porcj\u0119 przygotowanego farszu, zwin\u0105\u0107, spi\u0105\u0107 wyka\u0142aczk\u0105, posypa\u0107 po wierzchu mielonym pieprzem (lekko) i siekan\u0105 zielon\u0105 pietruszk\u0105. <\/p>\n","protected":false},"excerpt":{"rendered":"<p>8 marynowanych p\u0142at\u00f3w \u015bledziowych, 3 \u0142y\u017cki marynowanych kurek, 3 \u0142y\u017cki majonezu light, p\u00f3\u0142 \u0142y\u017ceczki suszonej papryczki chili, 16 korniszon\u00f3w, 2 \u0142y\u017cki posiekanej zielonej pietruszki, \u015bwie\u017co mielony kolorowy pieprz. 1. P\u0142aty \u015bledziowe os\u0105czy\u0107 z zalewy. 2. Posieka\u0107 marynowane kurki i korniszony, wymiesza\u0107 z majonezem i ostr\u0105 papryk\u0105, na ka\u017cdym p\u0142acie u\u0142o\u017cy\u0107 porcj\u0119 przygotowanego farszu, zwin\u0105\u0107, spi\u0105\u0107 [&hellip;]<\/p>\n","protected":false},"author":2,"featured_media":0,"comment_status":"open","ping_status":"open","sticky":false,"template":"","format":"standard","meta":{"footnotes":""},"categories":[1],"tags":[],"_links":{"self":[{"href":"https:\/\/blog.polityka.pl\/adamczewski\/wp-json\/wp\/v2\/posts\/10728"}],"collection":[{"href":"https:\/\/blog.polityka.pl\/adamczewski\/wp-json\/wp\/v2\/posts"}],"about":[{"href":"https:\/\/blog.polityka.pl\/adamczewski\/wp-json\/wp\/v2\/types\/post"}],"author":[{"embeddable":true,"href":"https:\/\/blog.polityka.pl\/adamczewski\/wp-json\/wp\/v2\/users\/2"}],"replies":[{"embeddable":true,"href":"https:\/\/blog.polityka.pl\/adamczewski\/wp-json\/wp\/v2\/comments?post=10728"}],"version-history":[{"count":0,"href":"https:\/\/blog.polityka.pl\/adamczewski\/wp-json\/wp\/v2\/posts\/10728\/revisions"}],"wp:attachment":[{"href":"https:\/\/blog.polityka.pl\/adamczewski\/wp-json\/wp\/v2\/media?parent=10728"}],"wp:term":[{"taxonomy":"category","embeddable":true,"href":"https:\/\/blog.polityka.pl\/adamczewski\/wp-json\/wp\/v2\/categories?post=10728"},{"taxonomy":"post_tag","embeddable":true,"href":"https:\/\/blog.polityka.pl\/adamczewski\/wp-json\/wp\/v2\/tags?post=10728"}],"curies":[{"name":"wp","href":"https:\/\/api.w.org\/{rel}","templated":true}]}}