
{"id":10730,"date":"2010-12-10T07:41:54","date_gmt":"2010-12-10T06:41:54","guid":{"rendered":"http:\/\/adamczewscy.pl\/?p=3059"},"modified":"2010-12-10T07:41:54","modified_gmt":"2010-12-10T06:41:54","slug":"ziemniaki-ze-sledziowym-farszem","status":"publish","type":"post","link":"https:\/\/blog.polityka.pl\/adamczewski\/2010\/12\/10\/ziemniaki-ze-sledziowym-farszem\/","title":{"rendered":"Ziemniaki ze \u015bledziowym farszem"},"content":{"rendered":"<p><em>8 do\u015b\u0107 sporych ziemniak\u00f3w, 2 \u0142y\u017cki oleju, p\u00f3l \u0142y\u017ceczki suszonego tymianku<br \/>\nNa farsz: opakowanie 500g matjas\u00f3w, du\u017cy str\u0105k czerwonej papryki, 3 kiszone og\u00f3rki, 2 dymki, 4 \u0142y\u017cki s\u0142odkawego keczupu, 3 kopiaste \u0142y\u017cki siekanego koperku, pieprz, s\u00f3l<\/em><\/p>\n<p>1. Ziemniaki przekroi\u0107 na po\u0142\u00f3wki, wydr\u0105\u017cy\u0107 \u015brodki, lekko pokropi\u0107  ziemniaki olejem, posypa\u0107 sol\u0105 i tymiankiem. Wstawi\u0107 do nagrzanego do 180 st. C piekarnika i piec ziemniaki oko\u0142o 40 minut.<br \/>\n2. W tym czasie przygotowa\u0107 farsz: posieka\u0107 op\u0142ukane filety \u015bledziowe, pokroi\u0107 w kostk\u0119 dymk\u0119 i papryki oraz og\u00f3rki.<br \/>\n3. Jajka ugotowa\u0107 na wp\u00f3\u0142 mi\u0119kko. Ostudzi\u0107, bia\u0142ka posieka\u0107, \u017c\u00f3\u0142tka od\u0142o\u017cy\u0107.<br \/>\n4. Wymiesza\u0107 na wp\u00f3\u0142 p\u0142ynne \u017c\u00f3\u0142tka z posiekanymi \u015bledziami, paprykami, dymk\u0105 i og\u00f3rkami, doprawi\u0107 sol\u0105 i pieprzem do smaku, doda\u0107 po\u0142ow\u0119 posiekanego koperku.<br \/>\n5. Do gor\u0105cych ziemniak\u00f3w nak\u0142ada\u0107 porcje farszu i podawa\u0107 posypane siekanym koperkiem. <\/p>\n","protected":false},"excerpt":{"rendered":"<p>8 do\u015b\u0107 sporych ziemniak\u00f3w, 2 \u0142y\u017cki oleju, p\u00f3l \u0142y\u017ceczki suszonego tymianku Na farsz: opakowanie 500g matjas\u00f3w, du\u017cy str\u0105k czerwonej papryki, 3 kiszone og\u00f3rki, 2 dymki, 4 \u0142y\u017cki s\u0142odkawego keczupu, 3 kopiaste \u0142y\u017cki siekanego koperku, pieprz, s\u00f3l 1. Ziemniaki przekroi\u0107 na po\u0142\u00f3wki, wydr\u0105\u017cy\u0107 \u015brodki, lekko pokropi\u0107 ziemniaki olejem, posypa\u0107 sol\u0105 i tymiankiem. Wstawi\u0107 do nagrzanego do [&hellip;]<\/p>\n","protected":false},"author":2,"featured_media":0,"comment_status":"open","ping_status":"open","sticky":false,"template":"","format":"standard","meta":{"footnotes":""},"categories":[1],"tags":[],"_links":{"self":[{"href":"https:\/\/blog.polityka.pl\/adamczewski\/wp-json\/wp\/v2\/posts\/10730"}],"collection":[{"href":"https:\/\/blog.polityka.pl\/adamczewski\/wp-json\/wp\/v2\/posts"}],"about":[{"href":"https:\/\/blog.polityka.pl\/adamczewski\/wp-json\/wp\/v2\/types\/post"}],"author":[{"embeddable":true,"href":"https:\/\/blog.polityka.pl\/adamczewski\/wp-json\/wp\/v2\/users\/2"}],"replies":[{"embeddable":true,"href":"https:\/\/blog.polityka.pl\/adamczewski\/wp-json\/wp\/v2\/comments?post=10730"}],"version-history":[{"count":0,"href":"https:\/\/blog.polityka.pl\/adamczewski\/wp-json\/wp\/v2\/posts\/10730\/revisions"}],"wp:attachment":[{"href":"https:\/\/blog.polityka.pl\/adamczewski\/wp-json\/wp\/v2\/media?parent=10730"}],"wp:term":[{"taxonomy":"category","embeddable":true,"href":"https:\/\/blog.polityka.pl\/adamczewski\/wp-json\/wp\/v2\/categories?post=10730"},{"taxonomy":"post_tag","embeddable":true,"href":"https:\/\/blog.polityka.pl\/adamczewski\/wp-json\/wp\/v2\/tags?post=10730"}],"curies":[{"name":"wp","href":"https:\/\/api.w.org\/{rel}","templated":true}]}}