
{"id":10732,"date":"2010-12-17T07:33:06","date_gmt":"2010-12-17T06:33:06","guid":{"rendered":"http:\/\/adamczewscy.pl\/?p=3062"},"modified":"2010-12-17T07:33:06","modified_gmt":"2010-12-17T06:33:06","slug":"zupa-kukurydziana","status":"publish","type":"post","link":"https:\/\/blog.polityka.pl\/adamczewski\/2010\/12\/17\/zupa-kukurydziana\/","title":{"rendered":"Zupa kukurydziana"},"content":{"rendered":"<p><em>Puszka konserwowej kukurydzy, 4 \u015brednie ziemniaki, \u015brednia cebula, 2 \u0142y\u017cki mas\u0142a, 4 szklanki wywaru z w\u0142oszczyzny lub roso\u0142u warzywnego z kostki, 3\/4 szklanki \u015bmietany (mo\u017ce by\u0107 12-proc., szczypta ostrej papryki, s\u00f3l, pieprz, 4 \u0142y\u017cki startego ostrego sera (cheddar, tyl\u017cycki), 2 \u0142y\u017cki posiekanej zielonej pietruszki<\/em><\/p>\n<p>1. Posieka\u0107 cebul\u0119 bardzo drobno, zeszkli\u0107 na ma\u015ble.<br \/>\n2. Ziemniaki obra\u0107, umy\u0107, pokroi\u0107 w kostk\u0119 i doda\u0107 do cebuli, wla\u0107 wywar lub ros\u00f3\u0142 warzywny i gotowa\u0107 ok. 15 minut.<br \/>\n3. Odla\u0107 po\u0142ow\u0119 zalewy z puszki kukurydzy. Kukurydz\u0119 wraz z pozosta\u0142\u0105 zalew\u0105 doda\u0107 do zupy, wla\u0107 tak\u017ce \u015bmietan\u0119 wymieszan\u0105 z kilkoma \u0142y\u017ckami gor\u0105cej zupy. Doprawi\u0107 zup\u0119 ostr\u0105 papryk\u0105, sol\u0105 i pieprzem. Gotowa\u0107 4 &#8211; 5 minut.<br \/>\n4. Do zupy doda\u0107 starty ser i posypa\u0107 siekan\u0105 zielona pietruszk\u0105.<\/p>\n","protected":false},"excerpt":{"rendered":"<p>Puszka konserwowej kukurydzy, 4 \u015brednie ziemniaki, \u015brednia cebula, 2 \u0142y\u017cki mas\u0142a, 4 szklanki wywaru z w\u0142oszczyzny lub roso\u0142u warzywnego z kostki, 3\/4 szklanki \u015bmietany (mo\u017ce by\u0107 12-proc., szczypta ostrej papryki, s\u00f3l, pieprz, 4 \u0142y\u017cki startego ostrego sera (cheddar, tyl\u017cycki), 2 \u0142y\u017cki posiekanej zielonej pietruszki 1. Posieka\u0107 cebul\u0119 bardzo drobno, zeszkli\u0107 na ma\u015ble. 2. Ziemniaki obra\u0107, [&hellip;]<\/p>\n","protected":false},"author":2,"featured_media":0,"comment_status":"open","ping_status":"open","sticky":false,"template":"","format":"standard","meta":{"footnotes":""},"categories":[1],"tags":[],"_links":{"self":[{"href":"https:\/\/blog.polityka.pl\/adamczewski\/wp-json\/wp\/v2\/posts\/10732"}],"collection":[{"href":"https:\/\/blog.polityka.pl\/adamczewski\/wp-json\/wp\/v2\/posts"}],"about":[{"href":"https:\/\/blog.polityka.pl\/adamczewski\/wp-json\/wp\/v2\/types\/post"}],"author":[{"embeddable":true,"href":"https:\/\/blog.polityka.pl\/adamczewski\/wp-json\/wp\/v2\/users\/2"}],"replies":[{"embeddable":true,"href":"https:\/\/blog.polityka.pl\/adamczewski\/wp-json\/wp\/v2\/comments?post=10732"}],"version-history":[{"count":0,"href":"https:\/\/blog.polityka.pl\/adamczewski\/wp-json\/wp\/v2\/posts\/10732\/revisions"}],"wp:attachment":[{"href":"https:\/\/blog.polityka.pl\/adamczewski\/wp-json\/wp\/v2\/media?parent=10732"}],"wp:term":[{"taxonomy":"category","embeddable":true,"href":"https:\/\/blog.polityka.pl\/adamczewski\/wp-json\/wp\/v2\/categories?post=10732"},{"taxonomy":"post_tag","embeddable":true,"href":"https:\/\/blog.polityka.pl\/adamczewski\/wp-json\/wp\/v2\/tags?post=10732"}],"curies":[{"name":"wp","href":"https:\/\/api.w.org\/{rel}","templated":true}]}}