
{"id":10733,"date":"2010-12-17T07:33:43","date_gmt":"2010-12-17T06:33:43","guid":{"rendered":"http:\/\/adamczewscy.pl\/?p=3063"},"modified":"2010-12-17T07:33:43","modified_gmt":"2010-12-17T06:33:43","slug":"salatka-z-ryzem-kurczakiem-i-zoltym-serem","status":"publish","type":"post","link":"https:\/\/blog.polityka.pl\/adamczewski\/2010\/12\/17\/salatka-z-ryzem-kurczakiem-i-zoltym-serem\/","title":{"rendered":"Sa\u0142atka z ry\u017cem, kurczakiem i \u017c\u00f3\u0142tym serem"},"content":{"rendered":"<p><em>2 woreczki (100-gramowe) ry\u017cu, podw\u00f3jna pier\u015b z kurczaka, 3 \u0142y\u017cki oleju, 15 dag \u017c\u00f3\u0142tego sera w plasterkach, czerwona papryka, p\u00f3\u0142 zielonej papryki, ma\u0142a (200-gramowa) puszeczka kukurydzy, p\u00f3\u0142 puszki ananasa w kawa\u0142kach, \u0142y\u017cka posiekanego szczypiorku, s\u00f3l, pieprz, \u0142y\u017ceczka s\u0142odkiej mielonej papryki, \u0142y\u017cka majonezu i \u0142y\u017cka oliwy z oliwek<\/em><\/p>\n<p>1. Ugotowa\u0107 ry\u017c wed\u0142ug przepisu na opakowaniu, os\u0105czy\u0107, wysypa\u0107 do du\u017cej miski, rozgarnia\u0107 podczas studzenia widelcem.<br \/>\n2. Pier\u015b z kurczaka pokroi\u0107 w plasterki, posypa\u0107 sol\u0105, pieprzem i papryk\u0105, usma\u017cy\u0107 na oleju.<br \/>\n3. Papryk\u0119 oczy\u015bci\u0107 z gniazd nasiennych, pokroi\u0107 drobn\u0105 kosteczk\u0119, plasterki sera pokroi\u0107 tak\u017ce w kosteczk\u0119, ananasy poprzekrawa\u0107 na drobniejsze kawa\u0142ki.<br \/>\n4. Wymiesza\u0107 wszystkie sk\u0142adniki, doda\u0107 majonez i oliw\u0119, doprawi\u0107 sol\u0105 i pieprzem, starannie wymiesza\u0107. <\/p>\n","protected":false},"excerpt":{"rendered":"<p>2 woreczki (100-gramowe) ry\u017cu, podw\u00f3jna pier\u015b z kurczaka, 3 \u0142y\u017cki oleju, 15 dag \u017c\u00f3\u0142tego sera w plasterkach, czerwona papryka, p\u00f3\u0142 zielonej papryki, ma\u0142a (200-gramowa) puszeczka kukurydzy, p\u00f3\u0142 puszki ananasa w kawa\u0142kach, \u0142y\u017cka posiekanego szczypiorku, s\u00f3l, pieprz, \u0142y\u017ceczka s\u0142odkiej mielonej papryki, \u0142y\u017cka majonezu i \u0142y\u017cka oliwy z oliwek 1. Ugotowa\u0107 ry\u017c wed\u0142ug przepisu na opakowaniu, os\u0105czy\u0107, [&hellip;]<\/p>\n","protected":false},"author":2,"featured_media":0,"comment_status":"open","ping_status":"open","sticky":false,"template":"","format":"standard","meta":{"footnotes":""},"categories":[1],"tags":[],"_links":{"self":[{"href":"https:\/\/blog.polityka.pl\/adamczewski\/wp-json\/wp\/v2\/posts\/10733"}],"collection":[{"href":"https:\/\/blog.polityka.pl\/adamczewski\/wp-json\/wp\/v2\/posts"}],"about":[{"href":"https:\/\/blog.polityka.pl\/adamczewski\/wp-json\/wp\/v2\/types\/post"}],"author":[{"embeddable":true,"href":"https:\/\/blog.polityka.pl\/adamczewski\/wp-json\/wp\/v2\/users\/2"}],"replies":[{"embeddable":true,"href":"https:\/\/blog.polityka.pl\/adamczewski\/wp-json\/wp\/v2\/comments?post=10733"}],"version-history":[{"count":0,"href":"https:\/\/blog.polityka.pl\/adamczewski\/wp-json\/wp\/v2\/posts\/10733\/revisions"}],"wp:attachment":[{"href":"https:\/\/blog.polityka.pl\/adamczewski\/wp-json\/wp\/v2\/media?parent=10733"}],"wp:term":[{"taxonomy":"category","embeddable":true,"href":"https:\/\/blog.polityka.pl\/adamczewski\/wp-json\/wp\/v2\/categories?post=10733"},{"taxonomy":"post_tag","embeddable":true,"href":"https:\/\/blog.polityka.pl\/adamczewski\/wp-json\/wp\/v2\/tags?post=10733"}],"curies":[{"name":"wp","href":"https:\/\/api.w.org\/{rel}","templated":true}]}}