
{"id":10734,"date":"2010-12-17T07:34:17","date_gmt":"2010-12-17T06:34:17","guid":{"rendered":"http:\/\/adamczewscy.pl\/?p=3064"},"modified":"2010-12-17T07:34:17","modified_gmt":"2010-12-17T06:34:17","slug":"salatka-szpinakowa-z-bryndza","status":"publish","type":"post","link":"https:\/\/blog.polityka.pl\/adamczewski\/2010\/12\/17\/salatka-szpinakowa-z-bryndza\/","title":{"rendered":"Sa\u0142atka szpinakowa z bryndz\u0105"},"content":{"rendered":"<p><em>10 dag bryndzy, p\u00f3\u0142 opakowania szpinaku baby, 2 dojrza\u0142e du\u017ce gruszki, sok z po\u0142owy cytryny.<br \/>\n Na sos: 3 \u0142y\u017cki oliwy z oliwek, \u0142y\u017ceczka octu balsamicznego, na koniec \u0142y\u017ceczki \u015bwie\u017co zmielonego pieprzu, s\u00f3l.<br \/>\nDo przybrania sa\u0142atki: maliny \u015bwie\u017ce lub mro\u017cone<\/em><\/p>\n<p>1. Szpinak umy\u0107, osuszy\u0107,  u\u0142o\u017cy\u0107 na g\u0142\u0119bszym p\u00f3\u0142misku.<br \/>\n2. Na szpinaku u\u0142o\u017cy\u0107 plastry gruszek skropione sokiem cytrynowym oraz pokrojon\u0105 cienko lub pokruszon\u0105 bryndz\u0119.<br \/>\n3. Zmiesza\u0107 dok\u0142adnie wszystkie sk\u0142adniki sosu i pola\u0107 nim sa\u0142atk\u0119. Wierzch sa\u0142atki przybra\u0107 malinami. <\/p>\n","protected":false},"excerpt":{"rendered":"<p>10 dag bryndzy, p\u00f3\u0142 opakowania szpinaku baby, 2 dojrza\u0142e du\u017ce gruszki, sok z po\u0142owy cytryny. Na sos: 3 \u0142y\u017cki oliwy z oliwek, \u0142y\u017ceczka octu balsamicznego, na koniec \u0142y\u017ceczki \u015bwie\u017co zmielonego pieprzu, s\u00f3l. Do przybrania sa\u0142atki: maliny \u015bwie\u017ce lub mro\u017cone 1. Szpinak umy\u0107, osuszy\u0107, u\u0142o\u017cy\u0107 na g\u0142\u0119bszym p\u00f3\u0142misku. 2. Na szpinaku u\u0142o\u017cy\u0107 plastry gruszek skropione sokiem [&hellip;]<\/p>\n","protected":false},"author":2,"featured_media":0,"comment_status":"open","ping_status":"open","sticky":false,"template":"","format":"standard","meta":{"footnotes":""},"categories":[1],"tags":[],"_links":{"self":[{"href":"https:\/\/blog.polityka.pl\/adamczewski\/wp-json\/wp\/v2\/posts\/10734"}],"collection":[{"href":"https:\/\/blog.polityka.pl\/adamczewski\/wp-json\/wp\/v2\/posts"}],"about":[{"href":"https:\/\/blog.polityka.pl\/adamczewski\/wp-json\/wp\/v2\/types\/post"}],"author":[{"embeddable":true,"href":"https:\/\/blog.polityka.pl\/adamczewski\/wp-json\/wp\/v2\/users\/2"}],"replies":[{"embeddable":true,"href":"https:\/\/blog.polityka.pl\/adamczewski\/wp-json\/wp\/v2\/comments?post=10734"}],"version-history":[{"count":0,"href":"https:\/\/blog.polityka.pl\/adamczewski\/wp-json\/wp\/v2\/posts\/10734\/revisions"}],"wp:attachment":[{"href":"https:\/\/blog.polityka.pl\/adamczewski\/wp-json\/wp\/v2\/media?parent=10734"}],"wp:term":[{"taxonomy":"category","embeddable":true,"href":"https:\/\/blog.polityka.pl\/adamczewski\/wp-json\/wp\/v2\/categories?post=10734"},{"taxonomy":"post_tag","embeddable":true,"href":"https:\/\/blog.polityka.pl\/adamczewski\/wp-json\/wp\/v2\/tags?post=10734"}],"curies":[{"name":"wp","href":"https:\/\/api.w.org\/{rel}","templated":true}]}}