
{"id":10735,"date":"2010-12-17T07:34:48","date_gmt":"2010-12-17T06:34:48","guid":{"rendered":"http:\/\/adamczewscy.pl\/?p=3065"},"modified":"2010-12-17T07:34:48","modified_gmt":"2010-12-17T06:34:48","slug":"slodkie-rolady-z-serem","status":"publish","type":"post","link":"https:\/\/blog.polityka.pl\/adamczewski\/2010\/12\/17\/slodkie-rolady-z-serem\/","title":{"rendered":"S\u0142odkie rolady z serem"},"content":{"rendered":"<p><em>20 dag waniliowego serka, 2 kopiaste \u0142y\u017cki rodzynek, 2 jaja, \u0142y\u017cka mas\u0142a, szczypta soli, p\u00f3\u0142 \u0142y\u017ceczki cukru<\/em><\/p>\n<p>1. Na do\u015b\u0107 sporej patelni rozgrza\u0107 mas\u0142o.<br \/>\n2. Jaja rozbi\u0107 z sol\u0105 i cukrem, wyla\u0107 na rozgrzane mas\u0142o i sma\u017cy\u0107 z obu stron na rumiano.<br \/>\n3. Serek waniliowy wymiesza\u0107 z rodzynkami, posmarowa\u0107 nim usma\u017cony omlet, zwin\u0105\u0107 w rulon i opakowa\u0107 foli\u0105 spo\u017cywcz\u0105. W\u0142o\u017cy\u0107 na kilkana\u015bcie minut do lod\u00f3wki, po wyj\u0119ciu pokroi\u0107 na mniejsze, 2-centymetrowe rolady<\/p>\n","protected":false},"excerpt":{"rendered":"<p>20 dag waniliowego serka, 2 kopiaste \u0142y\u017cki rodzynek, 2 jaja, \u0142y\u017cka mas\u0142a, szczypta soli, p\u00f3\u0142 \u0142y\u017ceczki cukru 1. Na do\u015b\u0107 sporej patelni rozgrza\u0107 mas\u0142o. 2. Jaja rozbi\u0107 z sol\u0105 i cukrem, wyla\u0107 na rozgrzane mas\u0142o i sma\u017cy\u0107 z obu stron na rumiano. 3. Serek waniliowy wymiesza\u0107 z rodzynkami, posmarowa\u0107 nim usma\u017cony omlet, zwin\u0105\u0107 w rulon [&hellip;]<\/p>\n","protected":false},"author":2,"featured_media":0,"comment_status":"open","ping_status":"open","sticky":false,"template":"","format":"standard","meta":{"footnotes":""},"categories":[1],"tags":[],"_links":{"self":[{"href":"https:\/\/blog.polityka.pl\/adamczewski\/wp-json\/wp\/v2\/posts\/10735"}],"collection":[{"href":"https:\/\/blog.polityka.pl\/adamczewski\/wp-json\/wp\/v2\/posts"}],"about":[{"href":"https:\/\/blog.polityka.pl\/adamczewski\/wp-json\/wp\/v2\/types\/post"}],"author":[{"embeddable":true,"href":"https:\/\/blog.polityka.pl\/adamczewski\/wp-json\/wp\/v2\/users\/2"}],"replies":[{"embeddable":true,"href":"https:\/\/blog.polityka.pl\/adamczewski\/wp-json\/wp\/v2\/comments?post=10735"}],"version-history":[{"count":0,"href":"https:\/\/blog.polityka.pl\/adamczewski\/wp-json\/wp\/v2\/posts\/10735\/revisions"}],"wp:attachment":[{"href":"https:\/\/blog.polityka.pl\/adamczewski\/wp-json\/wp\/v2\/media?parent=10735"}],"wp:term":[{"taxonomy":"category","embeddable":true,"href":"https:\/\/blog.polityka.pl\/adamczewski\/wp-json\/wp\/v2\/categories?post=10735"},{"taxonomy":"post_tag","embeddable":true,"href":"https:\/\/blog.polityka.pl\/adamczewski\/wp-json\/wp\/v2\/tags?post=10735"}],"curies":[{"name":"wp","href":"https:\/\/api.w.org\/{rel}","templated":true}]}}