
{"id":10736,"date":"2010-12-17T07:35:24","date_gmt":"2010-12-17T06:35:24","guid":{"rendered":"http:\/\/adamczewscy.pl\/?p=3066"},"modified":"2010-12-17T07:35:24","modified_gmt":"2010-12-17T06:35:24","slug":"salatka-brie","status":"publish","type":"post","link":"https:\/\/blog.polityka.pl\/adamczewski\/2010\/12\/17\/salatka-brie\/","title":{"rendered":"Sa\u0142atka ?Brie?"},"content":{"rendered":"<p><em>P\u00f3\u0142 kapusty peki\u0144skiej, 4 czerwone do\u015b\u0107 kwa\u015bne jab\u0142ka, tr\u00f3jk\u0105cik brie, \u0142y\u017cka soku cytrynowego, 10 po\u0142\u00f3wek \u0142uskanych orzech\u00f3w w\u0142oskich, 2 dymki wraz ze szczypiorkiem.<br \/>\nNa sos: 4 \u0142y\u017cki oleju z pestek winogron, \u0142y\u017cka bia\u0142ego octu winnego, s\u00f3l, pieprz, ew. \u0142y\u017ceczka miodu<\/em><\/p>\n<p>1. Przygotowa\u0107 sos mieszaj\u0105c wszystkie jego sk\u0142adniki.<br \/>\n2. Kapust\u0119 peki\u0144sk\u0105 poszatkowa\u0107 cienko, ser brie pokroi\u0107 w drobn\u0105 kostk\u0119, jab\u0142ka pokroi\u0107 w kostk\u0119 bez obierania ze sk\u00f3rki. Obrane jab\u0142ka skropi\u0107 cytrynowym sokiem.<br \/>\n3. Wymiesza\u0107 sk\u0142adniki sa\u0142atki, doda\u0107 sos i ponownie wymiesza\u0107.<br \/>\n4. Wierzch posypa\u0107 przesiekanymi lekko orzechami i posiekan\u0105 dymk\u0105 ze szczypiorkiem. <\/p>\n","protected":false},"excerpt":{"rendered":"<p>P\u00f3\u0142 kapusty peki\u0144skiej, 4 czerwone do\u015b\u0107 kwa\u015bne jab\u0142ka, tr\u00f3jk\u0105cik brie, \u0142y\u017cka soku cytrynowego, 10 po\u0142\u00f3wek \u0142uskanych orzech\u00f3w w\u0142oskich, 2 dymki wraz ze szczypiorkiem. Na sos: 4 \u0142y\u017cki oleju z pestek winogron, \u0142y\u017cka bia\u0142ego octu winnego, s\u00f3l, pieprz, ew. \u0142y\u017ceczka miodu 1. Przygotowa\u0107 sos mieszaj\u0105c wszystkie jego sk\u0142adniki. 2. Kapust\u0119 peki\u0144sk\u0105 poszatkowa\u0107 cienko, ser brie pokroi\u0107 [&hellip;]<\/p>\n","protected":false},"author":2,"featured_media":0,"comment_status":"open","ping_status":"open","sticky":false,"template":"","format":"standard","meta":{"footnotes":""},"categories":[1],"tags":[],"_links":{"self":[{"href":"https:\/\/blog.polityka.pl\/adamczewski\/wp-json\/wp\/v2\/posts\/10736"}],"collection":[{"href":"https:\/\/blog.polityka.pl\/adamczewski\/wp-json\/wp\/v2\/posts"}],"about":[{"href":"https:\/\/blog.polityka.pl\/adamczewski\/wp-json\/wp\/v2\/types\/post"}],"author":[{"embeddable":true,"href":"https:\/\/blog.polityka.pl\/adamczewski\/wp-json\/wp\/v2\/users\/2"}],"replies":[{"embeddable":true,"href":"https:\/\/blog.polityka.pl\/adamczewski\/wp-json\/wp\/v2\/comments?post=10736"}],"version-history":[{"count":0,"href":"https:\/\/blog.polityka.pl\/adamczewski\/wp-json\/wp\/v2\/posts\/10736\/revisions"}],"wp:attachment":[{"href":"https:\/\/blog.polityka.pl\/adamczewski\/wp-json\/wp\/v2\/media?parent=10736"}],"wp:term":[{"taxonomy":"category","embeddable":true,"href":"https:\/\/blog.polityka.pl\/adamczewski\/wp-json\/wp\/v2\/categories?post=10736"},{"taxonomy":"post_tag","embeddable":true,"href":"https:\/\/blog.polityka.pl\/adamczewski\/wp-json\/wp\/v2\/tags?post=10736"}],"curies":[{"name":"wp","href":"https:\/\/api.w.org\/{rel}","templated":true}]}}