
{"id":10737,"date":"2010-12-17T07:35:54","date_gmt":"2010-12-17T06:35:54","guid":{"rendered":"http:\/\/adamczewscy.pl\/?p=3067"},"modified":"2010-12-17T07:35:54","modified_gmt":"2010-12-17T06:35:54","slug":"salatka-blyskawiczna","status":"publish","type":"post","link":"https:\/\/blog.polityka.pl\/adamczewski\/2010\/12\/17\/salatka-blyskawiczna\/","title":{"rendered":"Sa\u0142atka b\u0142yskawiczna"},"content":{"rendered":"<p><em>15 dag w\u0119dzonego \u0142ososia, kulka mozzarelli, p\u00f3\u0142 opakowania makaronu rurki, \u0142y\u017cka oliwy,  p\u00f3\u0142 szklanki groszku konserwowego, 2 jaja na twardo, ma\u0142y pojemniczek jogurtu naturalnego, ok. p\u00f3\u0142 \u0142y\u017ceczki zmielonego kolorowego pieprzu, s\u00f3l, 3 \u0142y\u017cki posiekanego koperku<\/em><\/p>\n<p>1.Makaron ugotowa\u0107 w wodzie osolonej z \u0142y\u017ck\u0105 oliwy. Odcedzi\u0107, prze\u0142o\u017cy\u0107 do du\u017cej miski, ch\u0142odzi\u0107 przegarniaj\u0105c od czasu do czasu makaron widelcem, aby si\u0119 nie zlepi\u0142.<br \/>\n2.\u0141ososia pokroi\u0107 w paski, mozzarell\u0119 w kostk\u0119, jaja na twardo grubo posieka\u0107.<br \/>\n3.Wymiesza\u0107  makaron z jajkami, \u0142ososiem, serem oraz groszkiem  i koperkiem.<br \/>\n4.Jogurt wymiesza\u0107  z pieprzem  oraz  sol\u0105. Pola\u0107 nim wierzch sa\u0142atki, po chwili jogurt  przedostanie si\u0119 do g\u0142\u0119bszych warstw i wtedy mo\u017cna podawa\u0107 .<\/p>\n","protected":false},"excerpt":{"rendered":"<p>15 dag w\u0119dzonego \u0142ososia, kulka mozzarelli, p\u00f3\u0142 opakowania makaronu rurki, \u0142y\u017cka oliwy, p\u00f3\u0142 szklanki groszku konserwowego, 2 jaja na twardo, ma\u0142y pojemniczek jogurtu naturalnego, ok. p\u00f3\u0142 \u0142y\u017ceczki zmielonego kolorowego pieprzu, s\u00f3l, 3 \u0142y\u017cki posiekanego koperku 1.Makaron ugotowa\u0107 w wodzie osolonej z \u0142y\u017ck\u0105 oliwy. Odcedzi\u0107, prze\u0142o\u017cy\u0107 do du\u017cej miski, ch\u0142odzi\u0107 przegarniaj\u0105c od czasu do czasu makaron [&hellip;]<\/p>\n","protected":false},"author":2,"featured_media":0,"comment_status":"open","ping_status":"open","sticky":false,"template":"","format":"standard","meta":{"footnotes":""},"categories":[1],"tags":[],"_links":{"self":[{"href":"https:\/\/blog.polityka.pl\/adamczewski\/wp-json\/wp\/v2\/posts\/10737"}],"collection":[{"href":"https:\/\/blog.polityka.pl\/adamczewski\/wp-json\/wp\/v2\/posts"}],"about":[{"href":"https:\/\/blog.polityka.pl\/adamczewski\/wp-json\/wp\/v2\/types\/post"}],"author":[{"embeddable":true,"href":"https:\/\/blog.polityka.pl\/adamczewski\/wp-json\/wp\/v2\/users\/2"}],"replies":[{"embeddable":true,"href":"https:\/\/blog.polityka.pl\/adamczewski\/wp-json\/wp\/v2\/comments?post=10737"}],"version-history":[{"count":0,"href":"https:\/\/blog.polityka.pl\/adamczewski\/wp-json\/wp\/v2\/posts\/10737\/revisions"}],"wp:attachment":[{"href":"https:\/\/blog.polityka.pl\/adamczewski\/wp-json\/wp\/v2\/media?parent=10737"}],"wp:term":[{"taxonomy":"category","embeddable":true,"href":"https:\/\/blog.polityka.pl\/adamczewski\/wp-json\/wp\/v2\/categories?post=10737"},{"taxonomy":"post_tag","embeddable":true,"href":"https:\/\/blog.polityka.pl\/adamczewski\/wp-json\/wp\/v2\/tags?post=10737"}],"curies":[{"name":"wp","href":"https:\/\/api.w.org\/{rel}","templated":true}]}}