
{"id":10739,"date":"2010-12-27T08:05:26","date_gmt":"2010-12-27T07:05:26","guid":{"rendered":"http:\/\/adamczewscy.pl\/?p=3071"},"modified":"2010-12-27T08:05:26","modified_gmt":"2010-12-27T07:05:26","slug":"salatka-z-rukoli-z-goracym-camembertem","status":"publish","type":"post","link":"https:\/\/blog.polityka.pl\/adamczewski\/2010\/12\/27\/salatka-z-rukoli-z-goracym-camembertem\/","title":{"rendered":"Sa\u0142atka z rukoli z gor\u0105cym camembertem"},"content":{"rendered":"<p><em>Opakowanie rukoli, 4po\u0142\u00f3wki brzoskwi\u0144 z puszki, 4 plasterki w\u0119dzonej pol\u0119dwicy, 3 \u0142y\u017cki oliwy z oliwek, 2 \u0142y\u017cki soku z limonki, 2 kr\u0105\u017cki sera camembert, jajko, 2 \u0142y\u017cki m\u0105ki, 4 \u0142y\u017cki oleju, s\u00f3l, pieprz<\/em><\/p>\n<p> 1. Umyt\u0105 i osuszon\u0105 w suszarce do sa\u0142aty ukol\u0119 roz\u0142o\u017cy\u0107 na p\u00f3\u0142misku.<br \/>\n2. Brzoskwinie z puszki pokroi\u0107 cieniutkie plasterki, pol\u0119dwic\u0119 w w\u0105skie paski i oba te sk\u0142adniki u\u0142o\u017cy\u0107 na rukoli.<br \/>\n3. Oliwe wymiesza\u0107 z sokiem z limonki, doda\u0107 s\u00f3l i pieprz, pola\u0107 sosem sa\u0142at\u0119.<br \/>\n4. Kr\u0105zki sera przekroi\u0107 na po\u0142\u00f3wki w poprzek. Macza\u0107 w rozbitym jajku, nast\u0119pnie w m\u0105ce i sma\u017cy\u0107 na patelni na rozgrzanym oleju z obu stron na rumiano.<br \/>\n5. Usma\u017cony ser u\u0142o\u017cy\u0107 na rukoli i od razu podawa\u0107. <\/p>\n","protected":false},"excerpt":{"rendered":"<p>Opakowanie rukoli, 4po\u0142\u00f3wki brzoskwi\u0144 z puszki, 4 plasterki w\u0119dzonej pol\u0119dwicy, 3 \u0142y\u017cki oliwy z oliwek, 2 \u0142y\u017cki soku z limonki, 2 kr\u0105\u017cki sera camembert, jajko, 2 \u0142y\u017cki m\u0105ki, 4 \u0142y\u017cki oleju, s\u00f3l, pieprz 1. Umyt\u0105 i osuszon\u0105 w suszarce do sa\u0142aty ukol\u0119 roz\u0142o\u017cy\u0107 na p\u00f3\u0142misku. 2. Brzoskwinie z puszki pokroi\u0107 cieniutkie plasterki, pol\u0119dwic\u0119 w w\u0105skie [&hellip;]<\/p>\n","protected":false},"author":2,"featured_media":0,"comment_status":"open","ping_status":"open","sticky":false,"template":"","format":"standard","meta":{"footnotes":""},"categories":[1],"tags":[],"_links":{"self":[{"href":"https:\/\/blog.polityka.pl\/adamczewski\/wp-json\/wp\/v2\/posts\/10739"}],"collection":[{"href":"https:\/\/blog.polityka.pl\/adamczewski\/wp-json\/wp\/v2\/posts"}],"about":[{"href":"https:\/\/blog.polityka.pl\/adamczewski\/wp-json\/wp\/v2\/types\/post"}],"author":[{"embeddable":true,"href":"https:\/\/blog.polityka.pl\/adamczewski\/wp-json\/wp\/v2\/users\/2"}],"replies":[{"embeddable":true,"href":"https:\/\/blog.polityka.pl\/adamczewski\/wp-json\/wp\/v2\/comments?post=10739"}],"version-history":[{"count":0,"href":"https:\/\/blog.polityka.pl\/adamczewski\/wp-json\/wp\/v2\/posts\/10739\/revisions"}],"wp:attachment":[{"href":"https:\/\/blog.polityka.pl\/adamczewski\/wp-json\/wp\/v2\/media?parent=10739"}],"wp:term":[{"taxonomy":"category","embeddable":true,"href":"https:\/\/blog.polityka.pl\/adamczewski\/wp-json\/wp\/v2\/categories?post=10739"},{"taxonomy":"post_tag","embeddable":true,"href":"https:\/\/blog.polityka.pl\/adamczewski\/wp-json\/wp\/v2\/tags?post=10739"}],"curies":[{"name":"wp","href":"https:\/\/api.w.org\/{rel}","templated":true}]}}