
{"id":10740,"date":"2010-12-27T08:06:24","date_gmt":"2010-12-27T07:06:24","guid":{"rendered":"http:\/\/adamczewscy.pl\/?p=3072"},"modified":"2010-12-27T08:06:24","modified_gmt":"2010-12-27T07:06:24","slug":"zupa-z-serowymi-ravioli","status":"publish","type":"post","link":"https:\/\/blog.polityka.pl\/adamczewski\/2010\/12\/27\/zupa-z-serowymi-ravioli\/","title":{"rendered":"Zupa z serowymi ravioli"},"content":{"rendered":"<p><em>P\u00f3\u0142 opakowania mro\u017conej marchewki z groszkiem, szklanka mro\u017conej zielonej fasolki, 3\/4 szklanki mro\u017conej brukselki, \u0142y\u017ceczka mas\u0142a, 6 szklanek bulionu warzywnego (mo\u017ce by\u0107 z kostki), s\u00f3l, pieprz, opakowanie ravioli z serem, grubszy plasterek w\u0119dzonego boczku, ma\u0142a cebula, 2 \u0142y\u017cki siekanego szczypiorku<\/em><\/p>\n<p>1. W garnku rozpu\u015bci\u0107 mas\u0142o, doda\u0107 wszystkie mro\u017cone warzywa i lekko je podsma\u017cy\u0107. Wla\u0107 5 szklanek bulionu warzywnego i chwile gotowa\u0107. Warzywa powinny by\u0107 ugotowane ale nie rozgotowane a j\u0119drne. Doprawi\u0107 zup\u0119 sol\u0105, pieprzem i ga\u0142k\u0105 muszkato\u0142ow\u0105, wrzuci\u0107 ravioli i ugotowa\u0107.<br \/>\n 2, Pokrojony w drobniutk\u0105 kostk\u0119 boczek stopi\u0107 na suchej patelni, doda\u0107 drobno posiekan\u0105 cebul\u0119 i sma\u017cy\u0107 razem powoli oko\u0142o 5 minut.<br \/>\n3. Zup\u0119 nalewa\u0107 do talerzy, posypywa\u0107 boczkiem z cebulk\u0105 i siekanym szczypiorkiem. <\/p>\n","protected":false},"excerpt":{"rendered":"<p>P\u00f3\u0142 opakowania mro\u017conej marchewki z groszkiem, szklanka mro\u017conej zielonej fasolki, 3\/4 szklanki mro\u017conej brukselki, \u0142y\u017ceczka mas\u0142a, 6 szklanek bulionu warzywnego (mo\u017ce by\u0107 z kostki), s\u00f3l, pieprz, opakowanie ravioli z serem, grubszy plasterek w\u0119dzonego boczku, ma\u0142a cebula, 2 \u0142y\u017cki siekanego szczypiorku 1. W garnku rozpu\u015bci\u0107 mas\u0142o, doda\u0107 wszystkie mro\u017cone warzywa i lekko je podsma\u017cy\u0107. Wla\u0107 5 [&hellip;]<\/p>\n","protected":false},"author":2,"featured_media":0,"comment_status":"open","ping_status":"open","sticky":false,"template":"","format":"standard","meta":{"footnotes":""},"categories":[1],"tags":[],"_links":{"self":[{"href":"https:\/\/blog.polityka.pl\/adamczewski\/wp-json\/wp\/v2\/posts\/10740"}],"collection":[{"href":"https:\/\/blog.polityka.pl\/adamczewski\/wp-json\/wp\/v2\/posts"}],"about":[{"href":"https:\/\/blog.polityka.pl\/adamczewski\/wp-json\/wp\/v2\/types\/post"}],"author":[{"embeddable":true,"href":"https:\/\/blog.polityka.pl\/adamczewski\/wp-json\/wp\/v2\/users\/2"}],"replies":[{"embeddable":true,"href":"https:\/\/blog.polityka.pl\/adamczewski\/wp-json\/wp\/v2\/comments?post=10740"}],"version-history":[{"count":0,"href":"https:\/\/blog.polityka.pl\/adamczewski\/wp-json\/wp\/v2\/posts\/10740\/revisions"}],"wp:attachment":[{"href":"https:\/\/blog.polityka.pl\/adamczewski\/wp-json\/wp\/v2\/media?parent=10740"}],"wp:term":[{"taxonomy":"category","embeddable":true,"href":"https:\/\/blog.polityka.pl\/adamczewski\/wp-json\/wp\/v2\/categories?post=10740"},{"taxonomy":"post_tag","embeddable":true,"href":"https:\/\/blog.polityka.pl\/adamczewski\/wp-json\/wp\/v2\/tags?post=10740"}],"curies":[{"name":"wp","href":"https:\/\/api.w.org\/{rel}","templated":true}]}}