
{"id":10742,"date":"2010-12-31T09:47:52","date_gmt":"2010-12-31T08:47:52","guid":{"rendered":"http:\/\/adamczewscy.pl\/?p=3075"},"modified":"2010-12-31T09:47:52","modified_gmt":"2010-12-31T08:47:52","slug":"bakaliowy-pasztecik","status":"publish","type":"post","link":"https:\/\/blog.polityka.pl\/adamczewski\/2010\/12\/31\/bakaliowy-pasztecik\/","title":{"rendered":"Bakaliowy pasztecik"},"content":{"rendered":"<p><em>Ok. 25 dag gotowanego lub pieczonego mi\u0119sa z kurczaka,  p\u00f3\u0142 szklanki pokruszonych \u0142uskanych w\u0142oskich orzech\u00f3w, p\u00f3\u0142 szklanki p\u0142atk\u00f3w migda\u0142owych, 4 \u0142y\u017cki tartej bu\u0142ki, p\u00f3\u0142 szklanki \u015bmietanki 30- proc., sok z po\u0142owy cytryny, po \u0142y\u017cce oliwy z oliwek oraz majonezu, s\u00f3l, pieprz<\/em><\/p>\n<p>1. Bu\u0142ke tarta zala\u0107 \u015bmietank\u0105, wymiesza\u0107 i odstawi\u0107 na kwadrans. Mi\u0119so bardzo posieka\u0107,  doda\u0107 namoczon\u0105 tart\u0105 bu\u0142k\u0119, sok cytrynowy i oliw\u0119 ,  zmiksowa\u0107.<br \/>\n2. Migda\u0142y i orzechy tak\u017ce zmiksowa\u0107, wymiesza\u0107 z mi\u0119sem z bu\u0142k\u0105, doprawi\u0107 sol\u0105, pieprzem i majonezem.<br \/>\n3. U\u0142o\u017cy\u0107 na male\u0144kim p\u00f3\u0142miseczku, przybra\u0107 po\u0142\u00f3wkami orzech\u00f3w i \u015bliwkami z occie lub inn\u0105 s\u0142odkaw\u0105 marynat\u0105. <\/p>\n","protected":false},"excerpt":{"rendered":"<p>Ok. 25 dag gotowanego lub pieczonego mi\u0119sa z kurczaka, p\u00f3\u0142 szklanki pokruszonych \u0142uskanych w\u0142oskich orzech\u00f3w, p\u00f3\u0142 szklanki p\u0142atk\u00f3w migda\u0142owych, 4 \u0142y\u017cki tartej bu\u0142ki, p\u00f3\u0142 szklanki \u015bmietanki 30- proc., sok z po\u0142owy cytryny, po \u0142y\u017cce oliwy z oliwek oraz majonezu, s\u00f3l, pieprz 1. Bu\u0142ke tarta zala\u0107 \u015bmietank\u0105, wymiesza\u0107 i odstawi\u0107 na kwadrans. Mi\u0119so bardzo posieka\u0107, doda\u0107 [&hellip;]<\/p>\n","protected":false},"author":2,"featured_media":0,"comment_status":"open","ping_status":"open","sticky":false,"template":"","format":"standard","meta":{"footnotes":""},"categories":[1],"tags":[],"_links":{"self":[{"href":"https:\/\/blog.polityka.pl\/adamczewski\/wp-json\/wp\/v2\/posts\/10742"}],"collection":[{"href":"https:\/\/blog.polityka.pl\/adamczewski\/wp-json\/wp\/v2\/posts"}],"about":[{"href":"https:\/\/blog.polityka.pl\/adamczewski\/wp-json\/wp\/v2\/types\/post"}],"author":[{"embeddable":true,"href":"https:\/\/blog.polityka.pl\/adamczewski\/wp-json\/wp\/v2\/users\/2"}],"replies":[{"embeddable":true,"href":"https:\/\/blog.polityka.pl\/adamczewski\/wp-json\/wp\/v2\/comments?post=10742"}],"version-history":[{"count":0,"href":"https:\/\/blog.polityka.pl\/adamczewski\/wp-json\/wp\/v2\/posts\/10742\/revisions"}],"wp:attachment":[{"href":"https:\/\/blog.polityka.pl\/adamczewski\/wp-json\/wp\/v2\/media?parent=10742"}],"wp:term":[{"taxonomy":"category","embeddable":true,"href":"https:\/\/blog.polityka.pl\/adamczewski\/wp-json\/wp\/v2\/categories?post=10742"},{"taxonomy":"post_tag","embeddable":true,"href":"https:\/\/blog.polityka.pl\/adamczewski\/wp-json\/wp\/v2\/tags?post=10742"}],"curies":[{"name":"wp","href":"https:\/\/api.w.org\/{rel}","templated":true}]}}