
{"id":10746,"date":"2011-01-07T08:11:48","date_gmt":"2011-01-07T07:11:48","guid":{"rendered":"http:\/\/adamczewscy.pl\/?p=3080"},"modified":"2011-01-07T08:11:48","modified_gmt":"2011-01-07T07:11:48","slug":"ryz-slodko-zapieczony","status":"publish","type":"post","link":"https:\/\/blog.polityka.pl\/adamczewski\/2011\/01\/07\/ryz-slodko-zapieczony\/","title":{"rendered":"Ry\u017c s\u0142odko zapieczony"},"content":{"rendered":"<p><em>2 woreczki ry\u017cu (po 125 g) 4 jaja, p\u00f3\u0142 szklanki cukru pudru, 8 \u015bwie\u017cych moreli, 10 dag suszonych moreli, 3 \u0142y\u017cki mas\u0142a, 4 szklanki mleka, 10 dag rodzynek, \u0142y\u017cka startej sk\u00f3rki cytrynowej, cukier waniliowy, 30 dag twarogu potr\u00f3jnie mielonego, p\u00f3\u0142 szklanki powide\u0142 morelowych, s\u00f3l<\/em><\/p>\n<p>1. Zagotowa\u0107 mleko, doda\u0107 ry\u017c, szczypt\u0119 soli, sk\u00f3rk\u0119 cytrynow\u0105 i gotowa\u0107 a\u017c ry\u017c si\u0119 rozklei.<br \/>\n2. Utrze\u0107  3 \u017c\u00f3\u0142tka z cukrem pudrem.<br \/>\n3. Morele suszone i \u015bwie\u017ce pokroi\u0107 w kostk\u0119.<br \/>\n4. Wymiesza\u0107 ryz z utartymi \u017c\u00f3\u0142tkami i morelami.<br \/>\n5. Twar\u00f3g utrze\u0107 z \u017c\u00f3\u0142tkiem i cukrem waniliowym  z tak\u017ce wymiesza\u0107 z rodzynkami.<br \/>\n6. Posmarowa\u0107 \u017caroodporne naczynie mas\u0142em, wy\u0142o\u017cy\u0107 warstw\u0119 ry\u017cu, na nim cienk\u0105 warstw\u0119 powide\u0142 morelowych, dalej utarty ser i zn\u00f3w pozosta\u0142y ry\u017c. Na wierzchu u\u0142o\u017cy\u0107 kawa\u0142eczki mas\u0142a.<br \/>\n7. Nagrza\u0107 piekarnik do 180 st. C i zapieka\u0107 ry\u017c 35 minut. <\/p>\n","protected":false},"excerpt":{"rendered":"<p>2 woreczki ry\u017cu (po 125 g) 4 jaja, p\u00f3\u0142 szklanki cukru pudru, 8 \u015bwie\u017cych moreli, 10 dag suszonych moreli, 3 \u0142y\u017cki mas\u0142a, 4 szklanki mleka, 10 dag rodzynek, \u0142y\u017cka startej sk\u00f3rki cytrynowej, cukier waniliowy, 30 dag twarogu potr\u00f3jnie mielonego, p\u00f3\u0142 szklanki powide\u0142 morelowych, s\u00f3l 1. Zagotowa\u0107 mleko, doda\u0107 ry\u017c, szczypt\u0119 soli, sk\u00f3rk\u0119 cytrynow\u0105 i gotowa\u0107 [&hellip;]<\/p>\n","protected":false},"author":2,"featured_media":0,"comment_status":"open","ping_status":"open","sticky":false,"template":"","format":"standard","meta":{"footnotes":""},"categories":[1],"tags":[],"_links":{"self":[{"href":"https:\/\/blog.polityka.pl\/adamczewski\/wp-json\/wp\/v2\/posts\/10746"}],"collection":[{"href":"https:\/\/blog.polityka.pl\/adamczewski\/wp-json\/wp\/v2\/posts"}],"about":[{"href":"https:\/\/blog.polityka.pl\/adamczewski\/wp-json\/wp\/v2\/types\/post"}],"author":[{"embeddable":true,"href":"https:\/\/blog.polityka.pl\/adamczewski\/wp-json\/wp\/v2\/users\/2"}],"replies":[{"embeddable":true,"href":"https:\/\/blog.polityka.pl\/adamczewski\/wp-json\/wp\/v2\/comments?post=10746"}],"version-history":[{"count":0,"href":"https:\/\/blog.polityka.pl\/adamczewski\/wp-json\/wp\/v2\/posts\/10746\/revisions"}],"wp:attachment":[{"href":"https:\/\/blog.polityka.pl\/adamczewski\/wp-json\/wp\/v2\/media?parent=10746"}],"wp:term":[{"taxonomy":"category","embeddable":true,"href":"https:\/\/blog.polityka.pl\/adamczewski\/wp-json\/wp\/v2\/categories?post=10746"},{"taxonomy":"post_tag","embeddable":true,"href":"https:\/\/blog.polityka.pl\/adamczewski\/wp-json\/wp\/v2\/tags?post=10746"}],"curies":[{"name":"wp","href":"https:\/\/api.w.org\/{rel}","templated":true}]}}