
{"id":10748,"date":"2011-01-07T08:16:21","date_gmt":"2011-01-07T07:16:21","guid":{"rendered":"http:\/\/adamczewscy.pl\/?p=3082"},"modified":"2011-01-07T08:16:21","modified_gmt":"2011-01-07T07:16:21","slug":"ciastka-owocowo-serowe","status":"publish","type":"post","link":"https:\/\/blog.polityka.pl\/adamczewski\/2011\/01\/07\/ciastka-owocowo-serowe\/","title":{"rendered":"Ciastka owocowo-serowe"},"content":{"rendered":"<p><em>25 dag p\u00f3\u0142t\u0142ustego twarogu, 3\/4 szklanki m\u0105ki, 1\/3 szklanki cukru, 2 jaja, po p\u00f3\u0142 \u0142y\u017ceczki cynamonu i proszku do pieczenia, p\u00f3\u0142 \u0142y\u017ceczki soli, p\u00f3\u0142torej szklanki p\u0142atk\u00f3w owsianych, szklanka obranych i drobno pokrojonych (najlepiej w ma\u0142\u0105 kostk\u0119) jab\u0142ek, 7 \u0142y\u017cek mas\u0142a, 3 \u0142y\u017cki rodzynek<br \/>\nDo posmarowania blaszki: \u0142y\u017cka mas\u0142a<\/em><\/p>\n<p>1. Roztopi\u0107 mas\u0142o, doda\u0107 do m\u0105ki wraz z cukrem, jajkami, cynamonem i proszkiem do pieczenia oraz szczypt\u0105 soli. Wymiesza\u0107, doda\u0107 p\u0142atki owsiane oraz rozdrobniony widelcem ser, zn\u00f3w wymiesza\u0107, doda\u0107 rodzynki.<br \/>\n2. Do masy doda\u0107 jab\u0142ka i starannie wymiesza\u0107.<br \/>\n3. Na wysmarowanej mas\u0142em blaszce uk\u0142ada\u0107 \u0142y\u017ck\u0105 porcje ciasta.<br \/>\n4. Nagrza\u0107 piekarnik do 190 st C i piec ciastka oko\u0142o 15 minut. <\/p>\n","protected":false},"excerpt":{"rendered":"<p>25 dag p\u00f3\u0142t\u0142ustego twarogu, 3\/4 szklanki m\u0105ki, 1\/3 szklanki cukru, 2 jaja, po p\u00f3\u0142 \u0142y\u017ceczki cynamonu i proszku do pieczenia, p\u00f3\u0142 \u0142y\u017ceczki soli, p\u00f3\u0142torej szklanki p\u0142atk\u00f3w owsianych, szklanka obranych i drobno pokrojonych (najlepiej w ma\u0142\u0105 kostk\u0119) jab\u0142ek, 7 \u0142y\u017cek mas\u0142a, 3 \u0142y\u017cki rodzynek Do posmarowania blaszki: \u0142y\u017cka mas\u0142a 1. Roztopi\u0107 mas\u0142o, doda\u0107 do m\u0105ki wraz [&hellip;]<\/p>\n","protected":false},"author":2,"featured_media":0,"comment_status":"open","ping_status":"open","sticky":false,"template":"","format":"standard","meta":{"footnotes":""},"categories":[1],"tags":[],"_links":{"self":[{"href":"https:\/\/blog.polityka.pl\/adamczewski\/wp-json\/wp\/v2\/posts\/10748"}],"collection":[{"href":"https:\/\/blog.polityka.pl\/adamczewski\/wp-json\/wp\/v2\/posts"}],"about":[{"href":"https:\/\/blog.polityka.pl\/adamczewski\/wp-json\/wp\/v2\/types\/post"}],"author":[{"embeddable":true,"href":"https:\/\/blog.polityka.pl\/adamczewski\/wp-json\/wp\/v2\/users\/2"}],"replies":[{"embeddable":true,"href":"https:\/\/blog.polityka.pl\/adamczewski\/wp-json\/wp\/v2\/comments?post=10748"}],"version-history":[{"count":0,"href":"https:\/\/blog.polityka.pl\/adamczewski\/wp-json\/wp\/v2\/posts\/10748\/revisions"}],"wp:attachment":[{"href":"https:\/\/blog.polityka.pl\/adamczewski\/wp-json\/wp\/v2\/media?parent=10748"}],"wp:term":[{"taxonomy":"category","embeddable":true,"href":"https:\/\/blog.polityka.pl\/adamczewski\/wp-json\/wp\/v2\/categories?post=10748"},{"taxonomy":"post_tag","embeddable":true,"href":"https:\/\/blog.polityka.pl\/adamczewski\/wp-json\/wp\/v2\/tags?post=10748"}],"curies":[{"name":"wp","href":"https:\/\/api.w.org\/{rel}","templated":true}]}}