
{"id":10750,"date":"2011-01-07T08:18:06","date_gmt":"2011-01-07T07:18:06","guid":{"rendered":"http:\/\/adamczewscy.pl\/?p=3084"},"modified":"2011-01-07T08:18:06","modified_gmt":"2011-01-07T07:18:06","slug":"sernik-pod-puchowa-kolderka","status":"publish","type":"post","link":"https:\/\/blog.polityka.pl\/adamczewski\/2011\/01\/07\/sernik-pod-puchowa-kolderka\/","title":{"rendered":"Sernik pod puchow\u0105 ko\u0142derk\u0105"},"content":{"rendered":"<p><em>60 dag sera trzykrotnie mielonego, 4 jaja, 10 \u0142y\u017cek cukru, 5 \u0142y\u017cek m\u0105ki, szklanka posiekanych orzech\u00f3w w\u0142oskich, cukier z prawdziw\u0105 wanili\u0105<br \/>\nDo posmarowania tortownicy: \u0142y\u017cka mas\u0142a<\/em><\/p>\n<p>1. Utrze\u0107 \u017c\u00f3\u0142tka z cukrem waniliowym i 5 \u0142y\u017ckami cukru, doda\u0107 ser i dok\u0142adnie razem wymiesza\u0107 na g\u0142adka mas\u0119.<br \/>\n2. Do masy serowej doda\u0107 m\u0105k\u0119 i 5 minut uciera\u0107 mikserem.<br \/>\n3. Ubi\u0107 jedno bia\u0142ko na sztywn\u0105 pian\u0119 i doda\u0107 do masy razem z po\u0142ow\u0105 szklanki siekanych orzech\u00f3w.<br \/>\n4. Prze\u0142o\u017cy\u0107 mas\u0119 do posmarowanej mas\u0142em tortownicy. Piec w piekarniku nagrzanym do 180 st C oko\u0142o 40 minut.<br \/>\n5. W czasie pieczenia ubi\u0107 sztywn\u0105 piane z pozosta\u0142ych bia\u0142ek, pod koniec dosypywa\u0107 po trochu cukier. Do ubitej piany doda\u0107 pozosta\u0142e orzechy.<br \/>\n6. Na podpieczony sernik wy\u0142o\u017cy\u0107 pian\u0119 z orzechami i piec dalej przez 25 minut. <\/p>\n","protected":false},"excerpt":{"rendered":"<p>60 dag sera trzykrotnie mielonego, 4 jaja, 10 \u0142y\u017cek cukru, 5 \u0142y\u017cek m\u0105ki, szklanka posiekanych orzech\u00f3w w\u0142oskich, cukier z prawdziw\u0105 wanili\u0105 Do posmarowania tortownicy: \u0142y\u017cka mas\u0142a 1. Utrze\u0107 \u017c\u00f3\u0142tka z cukrem waniliowym i 5 \u0142y\u017ckami cukru, doda\u0107 ser i dok\u0142adnie razem wymiesza\u0107 na g\u0142adka mas\u0119. 2. Do masy serowej doda\u0107 m\u0105k\u0119 i 5 minut uciera\u0107 [&hellip;]<\/p>\n","protected":false},"author":2,"featured_media":0,"comment_status":"open","ping_status":"open","sticky":false,"template":"","format":"standard","meta":{"footnotes":""},"categories":[1],"tags":[],"_links":{"self":[{"href":"https:\/\/blog.polityka.pl\/adamczewski\/wp-json\/wp\/v2\/posts\/10750"}],"collection":[{"href":"https:\/\/blog.polityka.pl\/adamczewski\/wp-json\/wp\/v2\/posts"}],"about":[{"href":"https:\/\/blog.polityka.pl\/adamczewski\/wp-json\/wp\/v2\/types\/post"}],"author":[{"embeddable":true,"href":"https:\/\/blog.polityka.pl\/adamczewski\/wp-json\/wp\/v2\/users\/2"}],"replies":[{"embeddable":true,"href":"https:\/\/blog.polityka.pl\/adamczewski\/wp-json\/wp\/v2\/comments?post=10750"}],"version-history":[{"count":0,"href":"https:\/\/blog.polityka.pl\/adamczewski\/wp-json\/wp\/v2\/posts\/10750\/revisions"}],"wp:attachment":[{"href":"https:\/\/blog.polityka.pl\/adamczewski\/wp-json\/wp\/v2\/media?parent=10750"}],"wp:term":[{"taxonomy":"category","embeddable":true,"href":"https:\/\/blog.polityka.pl\/adamczewski\/wp-json\/wp\/v2\/categories?post=10750"},{"taxonomy":"post_tag","embeddable":true,"href":"https:\/\/blog.polityka.pl\/adamczewski\/wp-json\/wp\/v2\/tags?post=10750"}],"curies":[{"name":"wp","href":"https:\/\/api.w.org\/{rel}","templated":true}]}}