
{"id":10752,"date":"2011-01-14T07:33:12","date_gmt":"2011-01-14T06:33:12","guid":{"rendered":"http:\/\/adamczewscy.pl\/?p=3087"},"modified":"2011-01-14T07:33:12","modified_gmt":"2011-01-14T06:33:12","slug":"najprostsza-zupa-serowa","status":"publish","type":"post","link":"https:\/\/blog.polityka.pl\/adamczewski\/2011\/01\/14\/najprostsza-zupa-serowa\/","title":{"rendered":"Najprostsza zupa serowa"},"content":{"rendered":"<p><em>2 suche bu\u0142ki kajzerki, 4 tr\u00f3jk\u0105tne serki topione, 2 szklanki roso\u0142u z kostki, \u0142y\u017cka szczypiorku, \u0142y\u017cka siekanej zielonej pietruszki, \u0142y\u017cka posiekanej rze\u017cuchy<\/em><\/p>\n<p>1. W garnku zagotowa\u0107 szklank\u0119 lekko osolonej wody, doda\u0107 pokruszon\u0105 drobno bu\u0142k\u0119 i zagotowa\u0107. Doda\u0107 pokrojone na kawa\u0142ki tr\u00f3jk\u0105ty serka, mieszaj\u0105c gotowa\u0107 na ma\u0142ym ogniu oko\u0142o 10 minut nie dopuszczaj\u0105c do wykipienia.<br \/>\n2. Ugotowan\u0105 zup\u0119 zmiksowa\u0107, doda\u0107 posiekan\u0105 zielenin\u0119. <\/p>\n","protected":false},"excerpt":{"rendered":"<p>2 suche bu\u0142ki kajzerki, 4 tr\u00f3jk\u0105tne serki topione, 2 szklanki roso\u0142u z kostki, \u0142y\u017cka szczypiorku, \u0142y\u017cka siekanej zielonej pietruszki, \u0142y\u017cka posiekanej rze\u017cuchy 1. W garnku zagotowa\u0107 szklank\u0119 lekko osolonej wody, doda\u0107 pokruszon\u0105 drobno bu\u0142k\u0119 i zagotowa\u0107. Doda\u0107 pokrojone na kawa\u0142ki tr\u00f3jk\u0105ty serka, mieszaj\u0105c gotowa\u0107 na ma\u0142ym ogniu oko\u0142o 10 minut nie dopuszczaj\u0105c do wykipienia. 2. [&hellip;]<\/p>\n","protected":false},"author":2,"featured_media":0,"comment_status":"open","ping_status":"open","sticky":false,"template":"","format":"standard","meta":{"footnotes":""},"categories":[1],"tags":[],"_links":{"self":[{"href":"https:\/\/blog.polityka.pl\/adamczewski\/wp-json\/wp\/v2\/posts\/10752"}],"collection":[{"href":"https:\/\/blog.polityka.pl\/adamczewski\/wp-json\/wp\/v2\/posts"}],"about":[{"href":"https:\/\/blog.polityka.pl\/adamczewski\/wp-json\/wp\/v2\/types\/post"}],"author":[{"embeddable":true,"href":"https:\/\/blog.polityka.pl\/adamczewski\/wp-json\/wp\/v2\/users\/2"}],"replies":[{"embeddable":true,"href":"https:\/\/blog.polityka.pl\/adamczewski\/wp-json\/wp\/v2\/comments?post=10752"}],"version-history":[{"count":0,"href":"https:\/\/blog.polityka.pl\/adamczewski\/wp-json\/wp\/v2\/posts\/10752\/revisions"}],"wp:attachment":[{"href":"https:\/\/blog.polityka.pl\/adamczewski\/wp-json\/wp\/v2\/media?parent=10752"}],"wp:term":[{"taxonomy":"category","embeddable":true,"href":"https:\/\/blog.polityka.pl\/adamczewski\/wp-json\/wp\/v2\/categories?post=10752"},{"taxonomy":"post_tag","embeddable":true,"href":"https:\/\/blog.polityka.pl\/adamczewski\/wp-json\/wp\/v2\/tags?post=10752"}],"curies":[{"name":"wp","href":"https:\/\/api.w.org\/{rel}","templated":true}]}}