
{"id":10753,"date":"2011-01-14T07:33:46","date_gmt":"2011-01-14T06:33:46","guid":{"rendered":"http:\/\/adamczewscy.pl\/?p=3088"},"modified":"2011-01-14T07:33:46","modified_gmt":"2011-01-14T06:33:46","slug":"tarta-szpinakowa-z-dwoma-serami","status":"publish","type":"post","link":"https:\/\/blog.polityka.pl\/adamczewski\/2011\/01\/14\/tarta-szpinakowa-z-dwoma-serami\/","title":{"rendered":"Tarta szpinakowa z dwoma serami"},"content":{"rendered":"<p><em>Na ciasto:6 \u0142y\u017cek m\u0105ki, 3 \u0142y\u017cki oliwy, \u017c\u00f3\u0142tko, jajko, s\u00f3l<br \/>\nNa farsz: 2 \u015brednie cebule, 2 \u0142y\u017cki oliwy, p\u00f3\u0142torej szklanki rozmro\u017conego szpinaku, 2 z\u0105bki czosnku, 4 \u0142y\u017cki pokruszonego sera ricotta, pieprz, s\u00f3l, kr\u0105\u017cek sera camambert<br \/>\nDo posmarowania formy na tart\u0119: \u0142y\u017cka oliwy<\/em><\/p>\n<p>1. Z podanych sk\u0142adnik\u00f3w zagnie\u015b\u0107 ciasto. Uformowa\u0107 kul\u0119, w\u0142o\u017cy\u0107 na p\u00f3\u0142 godziny w foliowym woreczku do lod\u00f3wki.<br \/>\n2. Rozgrza\u0107 2 \u0142y\u017cki oliwy i doda\u0107 przeci\u015bni\u0119ty przez prask\u0119 czosnek, rozmro\u017cony szpinak, odparowa\u0107, doda\u0107 s\u00f3l i pieprz.<br \/>\n3. W posmarowanej oliw\u0105 formie do tart lub tortownicy u\u0142o\u017cy\u0107 rozwa\u0142kowane ciasto, formuj\u0105c wok\u00f3\u0142 wysoki rant.<br \/>\n4. Na cie\u015bcie u\u0142o\u017cy\u0107 kr\u0105\u017cki pokrojonej cebuli, na niej ricott\u0119, nast\u0119pnie szpinak oraz pokrojony na plasterki camembert.<br \/>\n5. W nagrzanym do 180 st. C piekarniku zapieka\u0107 oko\u0142o p\u00f3\u0142 godziny. <\/p>\n","protected":false},"excerpt":{"rendered":"<p>Na ciasto:6 \u0142y\u017cek m\u0105ki, 3 \u0142y\u017cki oliwy, \u017c\u00f3\u0142tko, jajko, s\u00f3l Na farsz: 2 \u015brednie cebule, 2 \u0142y\u017cki oliwy, p\u00f3\u0142torej szklanki rozmro\u017conego szpinaku, 2 z\u0105bki czosnku, 4 \u0142y\u017cki pokruszonego sera ricotta, pieprz, s\u00f3l, kr\u0105\u017cek sera camambert Do posmarowania formy na tart\u0119: \u0142y\u017cka oliwy 1. Z podanych sk\u0142adnik\u00f3w zagnie\u015b\u0107 ciasto. Uformowa\u0107 kul\u0119, w\u0142o\u017cy\u0107 na p\u00f3\u0142 godziny w [&hellip;]<\/p>\n","protected":false},"author":2,"featured_media":0,"comment_status":"open","ping_status":"open","sticky":false,"template":"","format":"standard","meta":{"footnotes":""},"categories":[1],"tags":[],"_links":{"self":[{"href":"https:\/\/blog.polityka.pl\/adamczewski\/wp-json\/wp\/v2\/posts\/10753"}],"collection":[{"href":"https:\/\/blog.polityka.pl\/adamczewski\/wp-json\/wp\/v2\/posts"}],"about":[{"href":"https:\/\/blog.polityka.pl\/adamczewski\/wp-json\/wp\/v2\/types\/post"}],"author":[{"embeddable":true,"href":"https:\/\/blog.polityka.pl\/adamczewski\/wp-json\/wp\/v2\/users\/2"}],"replies":[{"embeddable":true,"href":"https:\/\/blog.polityka.pl\/adamczewski\/wp-json\/wp\/v2\/comments?post=10753"}],"version-history":[{"count":0,"href":"https:\/\/blog.polityka.pl\/adamczewski\/wp-json\/wp\/v2\/posts\/10753\/revisions"}],"wp:attachment":[{"href":"https:\/\/blog.polityka.pl\/adamczewski\/wp-json\/wp\/v2\/media?parent=10753"}],"wp:term":[{"taxonomy":"category","embeddable":true,"href":"https:\/\/blog.polityka.pl\/adamczewski\/wp-json\/wp\/v2\/categories?post=10753"},{"taxonomy":"post_tag","embeddable":true,"href":"https:\/\/blog.polityka.pl\/adamczewski\/wp-json\/wp\/v2\/tags?post=10753"}],"curies":[{"name":"wp","href":"https:\/\/api.w.org\/{rel}","templated":true}]}}