
{"id":10754,"date":"2011-01-14T07:34:28","date_gmt":"2011-01-14T06:34:28","guid":{"rendered":"http:\/\/adamczewscy.pl\/?p=3089"},"modified":"2011-01-14T07:34:28","modified_gmt":"2011-01-14T06:34:28","slug":"smietanowa-zupa-neapolitanska","status":"publish","type":"post","link":"https:\/\/blog.polityka.pl\/adamczewski\/2011\/01\/14\/smietanowa-zupa-neapolitanska\/","title":{"rendered":"\u015amietanowa zupa neapolita\u0144ska"},"content":{"rendered":"<p><em>2 szklanki kwa\u015bnej \u015bmietany 12-proc., 3 \u0142y\u017cki mas\u0142a, 3 \u0142y\u017cki m\u0105ki, 3 szklanki bulionu ciel\u0119cego z kostki, 4 \u017c\u00f3\u0142tka, 4 \u0142y\u017cki startego parmezanu, s\u00f3l, 2 kopiaste \u0142y\u017cki posiekanego koperku,<br \/>\nJako dodatek : p\u00f3\u0142 opakowania makaronu drobne rurki<\/em><\/p>\n<p>1. Mas\u0142o rozpu\u015bci\u0107 w garnku, doda\u0107 m\u0105k\u0119 i podsma\u017ca\u0107; kiedy zasma\u017cka zacznie si\u0119 leciutko z\u0142oci\u0107 doda\u0107  szklank\u0119 \u015bmietany energicznie mieszaj\u0105c trzepaczk\u0105, kiedy ca\u0142o\u015b\u0107 jest dok\u0142adnie wymieszana doda\u0107 bulion i zn\u00f3w dok\u0142adnie wymiesza\u0107. Zagotowa\u0107 zup\u0119, doda\u0107 starty parmezan.<br \/>\n2. \u015amietan\u0119 wymiesza\u0107 z \u017c\u00f3\u0142tkami i doda\u0107, zn\u00f3w mieszaj\u0105c, do gor\u0105cej zupy, doprowadzi\u0107 niemal do wrzenia, ale ju\u017c nie gotowa\u0107, doda\u0107 posiekany koperek i ugotowany osobno makaron. <\/p>\n","protected":false},"excerpt":{"rendered":"<p>2 szklanki kwa\u015bnej \u015bmietany 12-proc., 3 \u0142y\u017cki mas\u0142a, 3 \u0142y\u017cki m\u0105ki, 3 szklanki bulionu ciel\u0119cego z kostki, 4 \u017c\u00f3\u0142tka, 4 \u0142y\u017cki startego parmezanu, s\u00f3l, 2 kopiaste \u0142y\u017cki posiekanego koperku, Jako dodatek : p\u00f3\u0142 opakowania makaronu drobne rurki 1. Mas\u0142o rozpu\u015bci\u0107 w garnku, doda\u0107 m\u0105k\u0119 i podsma\u017ca\u0107; kiedy zasma\u017cka zacznie si\u0119 leciutko z\u0142oci\u0107 doda\u0107 szklank\u0119 \u015bmietany [&hellip;]<\/p>\n","protected":false},"author":2,"featured_media":0,"comment_status":"open","ping_status":"open","sticky":false,"template":"","format":"standard","meta":{"footnotes":""},"categories":[1],"tags":[],"_links":{"self":[{"href":"https:\/\/blog.polityka.pl\/adamczewski\/wp-json\/wp\/v2\/posts\/10754"}],"collection":[{"href":"https:\/\/blog.polityka.pl\/adamczewski\/wp-json\/wp\/v2\/posts"}],"about":[{"href":"https:\/\/blog.polityka.pl\/adamczewski\/wp-json\/wp\/v2\/types\/post"}],"author":[{"embeddable":true,"href":"https:\/\/blog.polityka.pl\/adamczewski\/wp-json\/wp\/v2\/users\/2"}],"replies":[{"embeddable":true,"href":"https:\/\/blog.polityka.pl\/adamczewski\/wp-json\/wp\/v2\/comments?post=10754"}],"version-history":[{"count":0,"href":"https:\/\/blog.polityka.pl\/adamczewski\/wp-json\/wp\/v2\/posts\/10754\/revisions"}],"wp:attachment":[{"href":"https:\/\/blog.polityka.pl\/adamczewski\/wp-json\/wp\/v2\/media?parent=10754"}],"wp:term":[{"taxonomy":"category","embeddable":true,"href":"https:\/\/blog.polityka.pl\/adamczewski\/wp-json\/wp\/v2\/categories?post=10754"},{"taxonomy":"post_tag","embeddable":true,"href":"https:\/\/blog.polityka.pl\/adamczewski\/wp-json\/wp\/v2\/tags?post=10754"}],"curies":[{"name":"wp","href":"https:\/\/api.w.org\/{rel}","templated":true}]}}