
{"id":10755,"date":"2011-01-14T07:35:16","date_gmt":"2011-01-14T06:35:16","guid":{"rendered":"http:\/\/adamczewscy.pl\/?p=3090"},"modified":"2011-01-14T07:35:16","modified_gmt":"2011-01-14T06:35:16","slug":"losos-z-makaronem-w-serowym-sosie","status":"publish","type":"post","link":"https:\/\/blog.polityka.pl\/adamczewski\/2011\/01\/14\/losos-z-makaronem-w-serowym-sosie\/","title":{"rendered":"\u0141oso\u015b z makaronem w serowym sosie"},"content":{"rendered":"<p><em>40 dag filetu z \u0142ososia, 2 \u0142y\u017cki soku cytrynowego, 2 \u0142y\u017cki mas\u0142a,  szklanka startego sera (mog\u0105 to by\u0107 obeschni\u0119te kawa\u0142ki r\u00f3\u017cnych ser\u00f3w), 3\/4 szklanki kwa\u015bnej \u015bmietany, p\u00f3\u0142 szklanki bia\u0142ego wina, papryczka chili, cebula, z\u0105bek czosnku, p\u00f3\u0142 szklanki bulionu warzywnego z kostki, 2 \u0142y\u017cki siekanego szczypiorku<\/em><\/p>\n<p>1. Przygotowa\u0107 sos: papryczk\u0119 chili oczy\u015bci\u0107 z pesteczek i pokroi\u0107 mi\u0105\u017csz w cieniutkie paseczki, obra\u0107 cebul\u0119 i posieka\u0107, czosnek przecisn\u0105\u0107 przez prask\u0119.<br \/>\n2. Cebul\u0119 z czosnkiem poddusi\u0107 na \u0142y\u017cce mas\u0142a, doda\u0107 wino, bulion, \u015bmietan\u0119 i starty ser, mieszaj\u0105c gotowa\u0107 5 minut, doprawi\u0107 sol\u0105 i pieprzem.<br \/>\n3. Nastawi\u0107 wod\u0119 na makaron. Kiedy zawrze wrzuci\u0107 i ugotowa\u0107 al dente.<br \/>\n4. \u0141ososia pokroi\u0107 w cieniutkie paski. Wrzuci\u0107 wraz z chili na rozgrzane mas\u0142o i sma\u017cy\u0107 3 minuty, doprawi\u0107 sol\u0105 i pieprzem oraz skropi\u0107 sokiem cytrynowym.<br \/>\n5. Ugotowany makaron odcedzi\u0107, wymiesza\u0107 z \u0142ososiem i sosem, po wierzchu posypa\u0107 siekanym szczypiorkiem. <\/p>\n","protected":false},"excerpt":{"rendered":"<p>40 dag filetu z \u0142ososia, 2 \u0142y\u017cki soku cytrynowego, 2 \u0142y\u017cki mas\u0142a, szklanka startego sera (mog\u0105 to by\u0107 obeschni\u0119te kawa\u0142ki r\u00f3\u017cnych ser\u00f3w), 3\/4 szklanki kwa\u015bnej \u015bmietany, p\u00f3\u0142 szklanki bia\u0142ego wina, papryczka chili, cebula, z\u0105bek czosnku, p\u00f3\u0142 szklanki bulionu warzywnego z kostki, 2 \u0142y\u017cki siekanego szczypiorku 1. Przygotowa\u0107 sos: papryczk\u0119 chili oczy\u015bci\u0107 z pesteczek i pokroi\u0107 [&hellip;]<\/p>\n","protected":false},"author":2,"featured_media":0,"comment_status":"open","ping_status":"open","sticky":false,"template":"","format":"standard","meta":{"footnotes":""},"categories":[1],"tags":[],"_links":{"self":[{"href":"https:\/\/blog.polityka.pl\/adamczewski\/wp-json\/wp\/v2\/posts\/10755"}],"collection":[{"href":"https:\/\/blog.polityka.pl\/adamczewski\/wp-json\/wp\/v2\/posts"}],"about":[{"href":"https:\/\/blog.polityka.pl\/adamczewski\/wp-json\/wp\/v2\/types\/post"}],"author":[{"embeddable":true,"href":"https:\/\/blog.polityka.pl\/adamczewski\/wp-json\/wp\/v2\/users\/2"}],"replies":[{"embeddable":true,"href":"https:\/\/blog.polityka.pl\/adamczewski\/wp-json\/wp\/v2\/comments?post=10755"}],"version-history":[{"count":0,"href":"https:\/\/blog.polityka.pl\/adamczewski\/wp-json\/wp\/v2\/posts\/10755\/revisions"}],"wp:attachment":[{"href":"https:\/\/blog.polityka.pl\/adamczewski\/wp-json\/wp\/v2\/media?parent=10755"}],"wp:term":[{"taxonomy":"category","embeddable":true,"href":"https:\/\/blog.polityka.pl\/adamczewski\/wp-json\/wp\/v2\/categories?post=10755"},{"taxonomy":"post_tag","embeddable":true,"href":"https:\/\/blog.polityka.pl\/adamczewski\/wp-json\/wp\/v2\/tags?post=10755"}],"curies":[{"name":"wp","href":"https:\/\/api.w.org\/{rel}","templated":true}]}}