
{"id":10756,"date":"2011-01-14T07:36:10","date_gmt":"2011-01-14T06:36:10","guid":{"rendered":"http:\/\/adamczewscy.pl\/?p=3091"},"modified":"2011-01-14T07:36:10","modified_gmt":"2011-01-14T06:36:10","slug":"krem-z-serka-mascarpone-dla-doroslych","status":"publish","type":"post","link":"https:\/\/blog.polityka.pl\/adamczewski\/2011\/01\/14\/krem-z-serka-mascarpone-dla-doroslych\/","title":{"rendered":"Krem z serka mascarpone dla doros\u0142ych"},"content":{"rendered":"<p><em>25 dag serka mascarpone, 20-30 dag mi\u0119kkich owoc\u00f3w: jag\u00f3d, malin lub truskawek (mog\u0105 by\u0107 mro\u017cone), szklanka sch\u0142odzonej \u015bmietany krem\u00f3wki, 2 \u0142y\u017cki cukru i 4 \u0142y\u017cki cukru pudru, opakowanie fixu do \u015bmietany, 8 pokruszonych pod\u0142u\u017cnych biszkopt\u00f3w, 2 \u0142y\u017cki likieru pomara\u0144czowego lub innego, dowolnego alkoholu, 4 \u0142y\u017cki posiekanych migda\u0142\u00f3w<\/em><\/p>\n<p>1. Owoce posypa\u0107 cukrem, odstawi\u0107.<br \/>\n2. Ch\u0142odn\u0105 \u015bmietan\u0119 ubi\u0107 z dodatkiem fixu i cukru pudru, na koniec doda\u0107 serek mascarpone, wymiesza\u0107, od\u0142o\u017cy\u0107 po\u0142ow\u0119 masy a do pozosta\u0142ej doda\u0107 owoce, wymiesza\u0107.<br \/>\n3. Na dnie deserowych puchark\u00f3w u\u0142o\u017cy\u0107 pokruszone biszkopty, skropi\u0107 alkoholem, na nich warstw\u0119 masy z owocami, na wierzchu u\u0142o\u017cy\u0107 warstw\u0119 masy bez dodatku owoc\u00f3w.<br \/>\n4. Wierzch przybra\u0107 posiekanymi migda\u0142ami (mo\u017cna je chwil\u0119 pra\u017cy\u0107 na suchej patelni, w\u00f3wczas b\u0119d\u0105 chrupi\u0105ce) <\/p>\n","protected":false},"excerpt":{"rendered":"<p>25 dag serka mascarpone, 20-30 dag mi\u0119kkich owoc\u00f3w: jag\u00f3d, malin lub truskawek (mog\u0105 by\u0107 mro\u017cone), szklanka sch\u0142odzonej \u015bmietany krem\u00f3wki, 2 \u0142y\u017cki cukru i 4 \u0142y\u017cki cukru pudru, opakowanie fixu do \u015bmietany, 8 pokruszonych pod\u0142u\u017cnych biszkopt\u00f3w, 2 \u0142y\u017cki likieru pomara\u0144czowego lub innego, dowolnego alkoholu, 4 \u0142y\u017cki posiekanych migda\u0142\u00f3w 1. Owoce posypa\u0107 cukrem, odstawi\u0107. 2. Ch\u0142odn\u0105 \u015bmietan\u0119 [&hellip;]<\/p>\n","protected":false},"author":2,"featured_media":0,"comment_status":"open","ping_status":"open","sticky":false,"template":"","format":"standard","meta":{"footnotes":""},"categories":[1],"tags":[],"_links":{"self":[{"href":"https:\/\/blog.polityka.pl\/adamczewski\/wp-json\/wp\/v2\/posts\/10756"}],"collection":[{"href":"https:\/\/blog.polityka.pl\/adamczewski\/wp-json\/wp\/v2\/posts"}],"about":[{"href":"https:\/\/blog.polityka.pl\/adamczewski\/wp-json\/wp\/v2\/types\/post"}],"author":[{"embeddable":true,"href":"https:\/\/blog.polityka.pl\/adamczewski\/wp-json\/wp\/v2\/users\/2"}],"replies":[{"embeddable":true,"href":"https:\/\/blog.polityka.pl\/adamczewski\/wp-json\/wp\/v2\/comments?post=10756"}],"version-history":[{"count":0,"href":"https:\/\/blog.polityka.pl\/adamczewski\/wp-json\/wp\/v2\/posts\/10756\/revisions"}],"wp:attachment":[{"href":"https:\/\/blog.polityka.pl\/adamczewski\/wp-json\/wp\/v2\/media?parent=10756"}],"wp:term":[{"taxonomy":"category","embeddable":true,"href":"https:\/\/blog.polityka.pl\/adamczewski\/wp-json\/wp\/v2\/categories?post=10756"},{"taxonomy":"post_tag","embeddable":true,"href":"https:\/\/blog.polityka.pl\/adamczewski\/wp-json\/wp\/v2\/tags?post=10756"}],"curies":[{"name":"wp","href":"https:\/\/api.w.org\/{rel}","templated":true}]}}