
{"id":10759,"date":"2011-01-20T22:29:34","date_gmt":"2011-01-20T21:29:34","guid":{"rendered":"http:\/\/adamczewscy.pl\/?p=3095"},"modified":"2011-01-20T22:29:34","modified_gmt":"2011-01-20T21:29:34","slug":"placek-twarogowy","status":"publish","type":"post","link":"https:\/\/blog.polityka.pl\/adamczewski\/2011\/01\/20\/placek-twarogowy\/","title":{"rendered":"Placek twarogowy"},"content":{"rendered":"<p><em>1 i ? szklanki m\u0105ki, p\u00f3\u0142 szklanki cukru, 2 jaja, 20 dag t\u0142ustego twarogu, p\u00f3\u0142 kostki mas\u0142a (12, 5 dag), 3 \u0142y\u017ceczki proszku do pieczenia, olejek cytrynowy lub waniliowy<br \/>\nDo posmarowania formy: \u0142y\u017cka mas\u0142a, do wysypania: \u0142y\u017cka tartej bu\u0142ki<br \/>\nDo posypania po wierzchu: 2 \u0142y\u017cki cukru pudru<\/em><\/p>\n<p>1. Twar\u00f3g zmieli\u0107.<br \/>\n2. Mas\u0142o i jaja utrze\u0107 z cukrem, doda\u0107 zmielony ser i m\u0105k\u0119 wymieszan\u0105 z proszkiem do pieczenia oraz olejek cytrynowy lub waniliowy, dok\u0142adnie wymiesza\u0107.<br \/>\n3. Prze\u0142o\u017cy\u0107 ciasto do posmarowanej mas\u0142em i wysypanej tart\u0105 bu\u0142k\u0105 foremki.<br \/>\n4. W nagrzanym do 160 st. C piekarniku piec ciasto 15 minut a potem jeszcze 40 minut w 200 st. C. Wyjmowa\u0107 z formy po wystygni\u0119ciu. Posypa\u0107 cukrem pudrem.<\/p>\n","protected":false},"excerpt":{"rendered":"<p>1 i ? szklanki m\u0105ki, p\u00f3\u0142 szklanki cukru, 2 jaja, 20 dag t\u0142ustego twarogu, p\u00f3\u0142 kostki mas\u0142a (12, 5 dag), 3 \u0142y\u017ceczki proszku do pieczenia, olejek cytrynowy lub waniliowy Do posmarowania formy: \u0142y\u017cka mas\u0142a, do wysypania: \u0142y\u017cka tartej bu\u0142ki Do posypania po wierzchu: 2 \u0142y\u017cki cukru pudru 1. Twar\u00f3g zmieli\u0107. 2. Mas\u0142o i jaja utrze\u0107 [&hellip;]<\/p>\n","protected":false},"author":2,"featured_media":0,"comment_status":"open","ping_status":"open","sticky":false,"template":"","format":"standard","meta":{"footnotes":""},"categories":[1],"tags":[],"_links":{"self":[{"href":"https:\/\/blog.polityka.pl\/adamczewski\/wp-json\/wp\/v2\/posts\/10759"}],"collection":[{"href":"https:\/\/blog.polityka.pl\/adamczewski\/wp-json\/wp\/v2\/posts"}],"about":[{"href":"https:\/\/blog.polityka.pl\/adamczewski\/wp-json\/wp\/v2\/types\/post"}],"author":[{"embeddable":true,"href":"https:\/\/blog.polityka.pl\/adamczewski\/wp-json\/wp\/v2\/users\/2"}],"replies":[{"embeddable":true,"href":"https:\/\/blog.polityka.pl\/adamczewski\/wp-json\/wp\/v2\/comments?post=10759"}],"version-history":[{"count":0,"href":"https:\/\/blog.polityka.pl\/adamczewski\/wp-json\/wp\/v2\/posts\/10759\/revisions"}],"wp:attachment":[{"href":"https:\/\/blog.polityka.pl\/adamczewski\/wp-json\/wp\/v2\/media?parent=10759"}],"wp:term":[{"taxonomy":"category","embeddable":true,"href":"https:\/\/blog.polityka.pl\/adamczewski\/wp-json\/wp\/v2\/categories?post=10759"},{"taxonomy":"post_tag","embeddable":true,"href":"https:\/\/blog.polityka.pl\/adamczewski\/wp-json\/wp\/v2\/tags?post=10759"}],"curies":[{"name":"wp","href":"https:\/\/api.w.org\/{rel}","templated":true}]}}