
{"id":10761,"date":"2011-01-20T22:31:37","date_gmt":"2011-01-20T21:31:37","guid":{"rendered":"http:\/\/adamczewscy.pl\/?p=3097"},"modified":"2011-01-20T22:31:37","modified_gmt":"2011-01-20T21:31:37","slug":"sernik-na-kruchym-spodzie","status":"publish","type":"post","link":"https:\/\/blog.polityka.pl\/adamczewski\/2011\/01\/20\/sernik-na-kruchym-spodzie\/","title":{"rendered":"Sernik na kruchym spodzie"},"content":{"rendered":"<p><em>Na ciasto: szklanka z czubem m\u0105ki, 2 \u0142y\u017cki cukru, 2 \u017c\u00f3\u0142tka, p\u00f3\u0142 kostki (100 g) mas\u0142a, szczypta soli<br \/>\nNa mas\u0119 serow\u0105:75 dag twarogu na sernik, 10 \u0142y\u017cek mas\u0142a, 6 jaj, szklanka i ? szklanki cukru, 3 \u0142y\u017cki kaszy manny, ? szklanki rodzynek, gar\u015b\u0107 posiekanych orzech\u00f3w w\u0142oskich<\/em><\/p>\n<p>1. Zagnie\u015b\u0107 ciasto z podanych sk\u0142adnik\u00f3w. 3\/4 ciasta uformowa\u0107 w kul\u0119 i na p\u00f3\u0142 godziny schowa\u0107 w woreczku plastikowym do lod\u00f3wki. Pozosta\u0142e ciasto  pos\u0142u\u017cy do formowania ozdobnych wa\u0142eczk\u00f3w.<br \/>\n2. Ciasto po wyj\u0119ciu z lod\u00f3wki rozwa\u0142kowa\u0107, u\u0142o\u017cy\u0107 w posmarowanej mas\u0142em prostok\u0105tnej blaszce i podpiec w temperaturze 180 st. C na kolor be\u017cowy.<br \/>\n3. Przygotowa\u0107 mas\u0119: utrze\u0107 mikserem mas\u0142o, kiedy jest ju\u017c puszyste dodawa\u0107 ucieraj\u0105c ser.<br \/>\n4. Utrze\u0107 \u017c\u00f3\u0142tka z cukrem, doda\u0107 do masy ma\u015blano &#8211; serowej, doda\u0107 tak\u017ce kasz\u0119 mann\u0119, zmiksowa\u0107. Doda\u0107 rodzynki oraz orzechy i wymiesza\u0107. <\/p>\n","protected":false},"excerpt":{"rendered":"<p>Na ciasto: szklanka z czubem m\u0105ki, 2 \u0142y\u017cki cukru, 2 \u017c\u00f3\u0142tka, p\u00f3\u0142 kostki (100 g) mas\u0142a, szczypta soli Na mas\u0119 serow\u0105:75 dag twarogu na sernik, 10 \u0142y\u017cek mas\u0142a, 6 jaj, szklanka i ? szklanki cukru, 3 \u0142y\u017cki kaszy manny, ? szklanki rodzynek, gar\u015b\u0107 posiekanych orzech\u00f3w w\u0142oskich 1. Zagnie\u015b\u0107 ciasto z podanych sk\u0142adnik\u00f3w. 3\/4 ciasta uformowa\u0107 [&hellip;]<\/p>\n","protected":false},"author":2,"featured_media":0,"comment_status":"open","ping_status":"open","sticky":false,"template":"","format":"standard","meta":{"footnotes":""},"categories":[1],"tags":[],"_links":{"self":[{"href":"https:\/\/blog.polityka.pl\/adamczewski\/wp-json\/wp\/v2\/posts\/10761"}],"collection":[{"href":"https:\/\/blog.polityka.pl\/adamczewski\/wp-json\/wp\/v2\/posts"}],"about":[{"href":"https:\/\/blog.polityka.pl\/adamczewski\/wp-json\/wp\/v2\/types\/post"}],"author":[{"embeddable":true,"href":"https:\/\/blog.polityka.pl\/adamczewski\/wp-json\/wp\/v2\/users\/2"}],"replies":[{"embeddable":true,"href":"https:\/\/blog.polityka.pl\/adamczewski\/wp-json\/wp\/v2\/comments?post=10761"}],"version-history":[{"count":0,"href":"https:\/\/blog.polityka.pl\/adamczewski\/wp-json\/wp\/v2\/posts\/10761\/revisions"}],"wp:attachment":[{"href":"https:\/\/blog.polityka.pl\/adamczewski\/wp-json\/wp\/v2\/media?parent=10761"}],"wp:term":[{"taxonomy":"category","embeddable":true,"href":"https:\/\/blog.polityka.pl\/adamczewski\/wp-json\/wp\/v2\/categories?post=10761"},{"taxonomy":"post_tag","embeddable":true,"href":"https:\/\/blog.polityka.pl\/adamczewski\/wp-json\/wp\/v2\/tags?post=10761"}],"curies":[{"name":"wp","href":"https:\/\/api.w.org\/{rel}","templated":true}]}}