
{"id":10762,"date":"2011-01-20T22:32:35","date_gmt":"2011-01-20T21:32:35","guid":{"rendered":"http:\/\/adamczewscy.pl\/?p=3098"},"modified":"2011-01-20T22:32:35","modified_gmt":"2011-01-20T21:32:35","slug":"zupa-serowo-groszkowa","status":"publish","type":"post","link":"https:\/\/blog.polityka.pl\/adamczewski\/2011\/01\/20\/zupa-serowo-groszkowa\/","title":{"rendered":"Zupa serowo-groszkowa"},"content":{"rendered":"<p><em>P\u00f3\u0142torej szklanki startego na jarzynowej tarce sera gouda, 6 szklanek wywaru warzywnego (mo\u017ce by\u0107 z kostki), puszka zielonego konserwowego groszku, p\u00f3\u0142 szklanki \u015bmietany 22-proc., s\u00f3l, pieprz<\/em><\/p>\n<p>1. Groszek odcedzi\u0107 z zalewy, doda\u0107 wraz z serem do wywaru warzywnego i silnie zagrza\u0107, nie dopuszczaj\u0105c do wrzenia.<br \/>\n2. Do mniejszego garnuszka wla\u0107 kilka \u0142y\u017cek zupy, doda\u0107 \u015bmietan\u0119, wymiesza\u0107 i po\u0142\u0105czy\u0107 z zup\u0105, zn\u00f3w podgrza\u0107 nie gotuj\u0105c. Je\u015bli trzeba &#8211; doprawi\u0107 sol\u0105 i pieprzem.<br \/>\nPodawa\u0107 zup\u0119 z dodatkiem grzanek z bu\u0142ki lub groszku ptysiowego. <\/p>\n","protected":false},"excerpt":{"rendered":"<p>P\u00f3\u0142torej szklanki startego na jarzynowej tarce sera gouda, 6 szklanek wywaru warzywnego (mo\u017ce by\u0107 z kostki), puszka zielonego konserwowego groszku, p\u00f3\u0142 szklanki \u015bmietany 22-proc., s\u00f3l, pieprz 1. Groszek odcedzi\u0107 z zalewy, doda\u0107 wraz z serem do wywaru warzywnego i silnie zagrza\u0107, nie dopuszczaj\u0105c do wrzenia. 2. Do mniejszego garnuszka wla\u0107 kilka \u0142y\u017cek zupy, doda\u0107 \u015bmietan\u0119, [&hellip;]<\/p>\n","protected":false},"author":2,"featured_media":0,"comment_status":"open","ping_status":"open","sticky":false,"template":"","format":"standard","meta":{"footnotes":""},"categories":[1],"tags":[],"_links":{"self":[{"href":"https:\/\/blog.polityka.pl\/adamczewski\/wp-json\/wp\/v2\/posts\/10762"}],"collection":[{"href":"https:\/\/blog.polityka.pl\/adamczewski\/wp-json\/wp\/v2\/posts"}],"about":[{"href":"https:\/\/blog.polityka.pl\/adamczewski\/wp-json\/wp\/v2\/types\/post"}],"author":[{"embeddable":true,"href":"https:\/\/blog.polityka.pl\/adamczewski\/wp-json\/wp\/v2\/users\/2"}],"replies":[{"embeddable":true,"href":"https:\/\/blog.polityka.pl\/adamczewski\/wp-json\/wp\/v2\/comments?post=10762"}],"version-history":[{"count":0,"href":"https:\/\/blog.polityka.pl\/adamczewski\/wp-json\/wp\/v2\/posts\/10762\/revisions"}],"wp:attachment":[{"href":"https:\/\/blog.polityka.pl\/adamczewski\/wp-json\/wp\/v2\/media?parent=10762"}],"wp:term":[{"taxonomy":"category","embeddable":true,"href":"https:\/\/blog.polityka.pl\/adamczewski\/wp-json\/wp\/v2\/categories?post=10762"},{"taxonomy":"post_tag","embeddable":true,"href":"https:\/\/blog.polityka.pl\/adamczewski\/wp-json\/wp\/v2\/tags?post=10762"}],"curies":[{"name":"wp","href":"https:\/\/api.w.org\/{rel}","templated":true}]}}