
{"id":10763,"date":"2011-01-28T07:06:50","date_gmt":"2011-01-28T06:06:50","guid":{"rendered":"http:\/\/adamczewscy.pl\/?p=3100"},"modified":"2011-01-28T07:06:50","modified_gmt":"2011-01-28T06:06:50","slug":"zupa-holenderska","status":"publish","type":"post","link":"https:\/\/blog.polityka.pl\/adamczewski\/2011\/01\/28\/zupa-holenderska\/","title":{"rendered":"Zupa holenderska"},"content":{"rendered":"<p><em>2 szklanki startego sera gouda, 5 \u0142y\u017cek mas\u0142a, \u0107wier\u0107 szklanki m\u0105ki, 4 szklanki roso\u0142u wo\u0142owego z kostki, \u0107wier\u0107 szklanki s\u0142odkiej \u015bmietanki, \u017c\u00f3\u0142tko, s\u00f3l, pieprz, 3 \u0142y\u017cki posiekanej zielonej pietruszki,<br \/>\nJako dodatek: grzanki z bu\u0142ki wroc\u0142awskiej<\/em><\/p>\n<p>1. Z mas\u0142a i m\u0105ki przygotowa\u0107 zasma\u017ck\u0119. Kiedy zaczyna si\u0119 rumieni\u0107 doda\u0107 ros\u00f3\u0142 i gotowa\u0107 na ma\u0142ym ogniu 10 minut.<br \/>\n2. Do zupy doda\u0107 \u015bmietank\u0119 i starty ser. Mieszaj\u0105c ponownie zagotowa\u0107.<br \/>\n3. Doprawi\u0107  zup\u0119 sol\u0105 i pieprzem.<br \/>\nPodawa\u0107 zup\u0119 w bulion\u00f3wkach z dodatkiem grzanek podawanych osobno. <\/p>\n","protected":false},"excerpt":{"rendered":"<p>2 szklanki startego sera gouda, 5 \u0142y\u017cek mas\u0142a, \u0107wier\u0107 szklanki m\u0105ki, 4 szklanki roso\u0142u wo\u0142owego z kostki, \u0107wier\u0107 szklanki s\u0142odkiej \u015bmietanki, \u017c\u00f3\u0142tko, s\u00f3l, pieprz, 3 \u0142y\u017cki posiekanej zielonej pietruszki, Jako dodatek: grzanki z bu\u0142ki wroc\u0142awskiej 1. Z mas\u0142a i m\u0105ki przygotowa\u0107 zasma\u017ck\u0119. Kiedy zaczyna si\u0119 rumieni\u0107 doda\u0107 ros\u00f3\u0142 i gotowa\u0107 na ma\u0142ym ogniu 10 minut. [&hellip;]<\/p>\n","protected":false},"author":2,"featured_media":0,"comment_status":"open","ping_status":"open","sticky":false,"template":"","format":"standard","meta":{"footnotes":""},"categories":[1],"tags":[],"_links":{"self":[{"href":"https:\/\/blog.polityka.pl\/adamczewski\/wp-json\/wp\/v2\/posts\/10763"}],"collection":[{"href":"https:\/\/blog.polityka.pl\/adamczewski\/wp-json\/wp\/v2\/posts"}],"about":[{"href":"https:\/\/blog.polityka.pl\/adamczewski\/wp-json\/wp\/v2\/types\/post"}],"author":[{"embeddable":true,"href":"https:\/\/blog.polityka.pl\/adamczewski\/wp-json\/wp\/v2\/users\/2"}],"replies":[{"embeddable":true,"href":"https:\/\/blog.polityka.pl\/adamczewski\/wp-json\/wp\/v2\/comments?post=10763"}],"version-history":[{"count":0,"href":"https:\/\/blog.polityka.pl\/adamczewski\/wp-json\/wp\/v2\/posts\/10763\/revisions"}],"wp:attachment":[{"href":"https:\/\/blog.polityka.pl\/adamczewski\/wp-json\/wp\/v2\/media?parent=10763"}],"wp:term":[{"taxonomy":"category","embeddable":true,"href":"https:\/\/blog.polityka.pl\/adamczewski\/wp-json\/wp\/v2\/categories?post=10763"},{"taxonomy":"post_tag","embeddable":true,"href":"https:\/\/blog.polityka.pl\/adamczewski\/wp-json\/wp\/v2\/tags?post=10763"}],"curies":[{"name":"wp","href":"https:\/\/api.w.org\/{rel}","templated":true}]}}