
{"id":10764,"date":"2011-01-28T07:07:34","date_gmt":"2011-01-28T06:07:34","guid":{"rendered":"http:\/\/adamczewscy.pl\/?p=3101"},"modified":"2011-01-28T07:07:34","modified_gmt":"2011-01-28T06:07:34","slug":"zapiekanka-szpinakowo-miesna","status":"publish","type":"post","link":"https:\/\/blog.polityka.pl\/adamczewski\/2011\/01\/28\/zapiekanka-szpinakowo-miesna\/","title":{"rendered":"Zapiekanka szpinakowo-mi\u0119sna"},"content":{"rendered":"<p><em>8 ziemniak\u00f3w, 50 dag \u015bwie\u017cego szpinaku, 50 dag mielonego mi\u0119sa wieprzowego, 2 cebule, 2 z\u0105bki czosnku, 2 jajka, s\u00f3l, pieprz, ga\u0142ka muszkato\u0142owa, 2 \u0142y\u017cki mas\u0142a, 6 plasterk\u00f3w sera<br \/>\nDo posmarowania formy: \u0142y\u017cka mas\u0142a<br \/>\nDo posypania formy: 2 \u0142y\u017cki tartej bu\u0142ki<\/em><\/p>\n<p>1. Ziemniaki obra\u0107, pokroi\u0107 w plasterki,<br \/>\n2. Szpinak obra\u0107, umy\u0107, os\u0105czy\u0107 z wody.<br \/>\n3. Cebul\u0119 i czosnek posieka\u0107 jak najdrobniej, zeszkli\u0107 na ma\u015ble, doda\u0107 szpinak, chwil\u0119 sma\u017cy\u0107, doprawi\u0107 sol\u0105 i pieprzem. Przestudzi\u0107.<br \/>\n4. Mielone wyrobi\u0107 z jajkami i posiekan\u0105 drug\u0105 cebul\u0105, doprawi\u0107 sol\u0105 i pieprzem.<br \/>\n5. Form\u0119 \u017caroodporn\u0105 posmarowa\u0107 mas\u0142em, wysypa\u0107 tart\u0105 bu\u0142k\u0105, u\u0142o\u017cy\u0107 warstw\u0119 plasterk\u00f3w ziemniak\u00f3w, na niej mi\u0119so i szpinak. Na wierzchu u\u0142o\u017cy\u0107 plasterki sera.<br \/>\n6. Nagrza\u0107 piekarnik do temperatury 200 st. C i zapieka\u0107 potraw\u0119 oko\u0142o 40minut. <\/p>\n","protected":false},"excerpt":{"rendered":"<p>8 ziemniak\u00f3w, 50 dag \u015bwie\u017cego szpinaku, 50 dag mielonego mi\u0119sa wieprzowego, 2 cebule, 2 z\u0105bki czosnku, 2 jajka, s\u00f3l, pieprz, ga\u0142ka muszkato\u0142owa, 2 \u0142y\u017cki mas\u0142a, 6 plasterk\u00f3w sera Do posmarowania formy: \u0142y\u017cka mas\u0142a Do posypania formy: 2 \u0142y\u017cki tartej bu\u0142ki 1. Ziemniaki obra\u0107, pokroi\u0107 w plasterki, 2. Szpinak obra\u0107, umy\u0107, os\u0105czy\u0107 z wody. 3. Cebul\u0119 [&hellip;]<\/p>\n","protected":false},"author":2,"featured_media":0,"comment_status":"open","ping_status":"open","sticky":false,"template":"","format":"standard","meta":{"footnotes":""},"categories":[1],"tags":[],"_links":{"self":[{"href":"https:\/\/blog.polityka.pl\/adamczewski\/wp-json\/wp\/v2\/posts\/10764"}],"collection":[{"href":"https:\/\/blog.polityka.pl\/adamczewski\/wp-json\/wp\/v2\/posts"}],"about":[{"href":"https:\/\/blog.polityka.pl\/adamczewski\/wp-json\/wp\/v2\/types\/post"}],"author":[{"embeddable":true,"href":"https:\/\/blog.polityka.pl\/adamczewski\/wp-json\/wp\/v2\/users\/2"}],"replies":[{"embeddable":true,"href":"https:\/\/blog.polityka.pl\/adamczewski\/wp-json\/wp\/v2\/comments?post=10764"}],"version-history":[{"count":0,"href":"https:\/\/blog.polityka.pl\/adamczewski\/wp-json\/wp\/v2\/posts\/10764\/revisions"}],"wp:attachment":[{"href":"https:\/\/blog.polityka.pl\/adamczewski\/wp-json\/wp\/v2\/media?parent=10764"}],"wp:term":[{"taxonomy":"category","embeddable":true,"href":"https:\/\/blog.polityka.pl\/adamczewski\/wp-json\/wp\/v2\/categories?post=10764"},{"taxonomy":"post_tag","embeddable":true,"href":"https:\/\/blog.polityka.pl\/adamczewski\/wp-json\/wp\/v2\/tags?post=10764"}],"curies":[{"name":"wp","href":"https:\/\/api.w.org\/{rel}","templated":true}]}}