
{"id":10765,"date":"2011-01-28T07:08:16","date_gmt":"2011-01-28T06:08:16","guid":{"rendered":"http:\/\/adamczewscy.pl\/?p=3102"},"modified":"2011-01-28T07:08:16","modified_gmt":"2011-01-28T06:08:16","slug":"strucla-serowa","status":"publish","type":"post","link":"https:\/\/blog.polityka.pl\/adamczewski\/2011\/01\/28\/strucla-serowa\/","title":{"rendered":"Strucla serowa"},"content":{"rendered":"<p><em>Na ciasto: 3 szklanki m\u0105ki, 10 \u0142y\u017cek mas\u0142a, 2 jaja, p\u00f3\u0142 szklanki \u015bmietany, 5 dag dro\u017cd\u017cy, 5 \u0142y\u017cek miodu, cukier waniliowy z prawdziw\u0105 wanili\u0105<br \/>\nDo posmarowania blaszki: \u0142y\u017cka mas\u0142a<br \/>\nNa mas\u0119: 30 dag t\u0142ustego twarogu, najlepiej trzykrotnie mielonego, 3 \u0142y\u017cki \u015bmietanki, jajko, cukier waniliowy z prawdziw\u0105 wanili\u0105<br \/>\nDo posypania ciasta: \u0142y\u017cka cukru pudru<\/em><\/p>\n<p>1. M\u0105k\u0119 no\u017cem przesieka\u0107 z zimnym mas\u0142em. Dro\u017cd\u017ce rozetrze\u0107 z miodem. Do m\u0105ki z mas\u0142em doda\u0107 dro\u017cd\u017ce, \u015bmietank\u0119, jajka i cukier waniliowy. Zagnie\u015b\u0107 ciasto. Uformowa\u0107 ciasto w kul\u0119 i odstawi\u0107 w ciep\u0142e miejsce.<br \/>\n2. Przygotowa\u0107 mas\u0119: twar\u00f3g wymiesza\u0107 z jajkiem i cukrem waniliowym.<br \/>\n3. Ciasto podzieli\u0107 na dwie cz\u0119\u015bci, rozwa\u0142kowa\u0107, na ka\u017cdej cz\u0119\u015bci rozsmarowa\u0107 po\u0142ow\u0119 masy, zwin\u0105\u0107.<br \/>\n4. U\u0142o\u017cy\u0107 strucle w posmarowanej blaszce.<br \/>\n5. W piekarniku nagrzanym do temperatury 180 st. C. piec ciasto 50minut.<br \/>\nOstudzone ciasto posypa\u0107 cukrem pudrem. <\/p>\n","protected":false},"excerpt":{"rendered":"<p>Na ciasto: 3 szklanki m\u0105ki, 10 \u0142y\u017cek mas\u0142a, 2 jaja, p\u00f3\u0142 szklanki \u015bmietany, 5 dag dro\u017cd\u017cy, 5 \u0142y\u017cek miodu, cukier waniliowy z prawdziw\u0105 wanili\u0105 Do posmarowania blaszki: \u0142y\u017cka mas\u0142a Na mas\u0119: 30 dag t\u0142ustego twarogu, najlepiej trzykrotnie mielonego, 3 \u0142y\u017cki \u015bmietanki, jajko, cukier waniliowy z prawdziw\u0105 wanili\u0105 Do posypania ciasta: \u0142y\u017cka cukru pudru 1. M\u0105k\u0119 [&hellip;]<\/p>\n","protected":false},"author":2,"featured_media":0,"comment_status":"open","ping_status":"open","sticky":false,"template":"","format":"standard","meta":{"footnotes":""},"categories":[1],"tags":[],"_links":{"self":[{"href":"https:\/\/blog.polityka.pl\/adamczewski\/wp-json\/wp\/v2\/posts\/10765"}],"collection":[{"href":"https:\/\/blog.polityka.pl\/adamczewski\/wp-json\/wp\/v2\/posts"}],"about":[{"href":"https:\/\/blog.polityka.pl\/adamczewski\/wp-json\/wp\/v2\/types\/post"}],"author":[{"embeddable":true,"href":"https:\/\/blog.polityka.pl\/adamczewski\/wp-json\/wp\/v2\/users\/2"}],"replies":[{"embeddable":true,"href":"https:\/\/blog.polityka.pl\/adamczewski\/wp-json\/wp\/v2\/comments?post=10765"}],"version-history":[{"count":0,"href":"https:\/\/blog.polityka.pl\/adamczewski\/wp-json\/wp\/v2\/posts\/10765\/revisions"}],"wp:attachment":[{"href":"https:\/\/blog.polityka.pl\/adamczewski\/wp-json\/wp\/v2\/media?parent=10765"}],"wp:term":[{"taxonomy":"category","embeddable":true,"href":"https:\/\/blog.polityka.pl\/adamczewski\/wp-json\/wp\/v2\/categories?post=10765"},{"taxonomy":"post_tag","embeddable":true,"href":"https:\/\/blog.polityka.pl\/adamczewski\/wp-json\/wp\/v2\/tags?post=10765"}],"curies":[{"name":"wp","href":"https:\/\/api.w.org\/{rel}","templated":true}]}}