
{"id":10766,"date":"2011-01-28T07:09:22","date_gmt":"2011-01-28T06:09:22","guid":{"rendered":"http:\/\/adamczewscy.pl\/?p=3103"},"modified":"2011-01-28T07:09:22","modified_gmt":"2011-01-28T06:09:22","slug":"sernik-zloty-najprostszy","status":"publish","type":"post","link":"https:\/\/blog.polityka.pl\/adamczewski\/2011\/01\/28\/sernik-zloty-najprostszy\/","title":{"rendered":"Sernik z\u0142oty &#8211; najprostszy"},"content":{"rendered":"<p><em>75 dag sera trzykrotnie mielonego na serniki, 6 jaj, 6 \u0142y\u017cek miodu,  sk\u00f3rka otarta z po\u0142owy cytryny, 3 krople olejku cytrynowego, \u0107wier\u0107 \u0142y\u017ceczki mielonego cynamonu<br \/>\nDo posmarowania formy: \u0142y\u017cka oleju<br \/>\nDo posypania wierzchu: 2 \u0142y\u017cki cukru pudru<\/em><\/p>\n<p>1. Utrze\u0107 \u017c\u00f3\u0142tka z miodem,  dalej ucieraj\u0105c dodawa\u0107 ser.<br \/>\n2. Ubi\u0107 bia\u0142ka na sztywn\u0105 pian\u0119.<br \/>\n3. Wymiesza\u0107 mas\u0119 serow\u0105 z pian\u0105, doda\u0107 sk\u00f3rk\u0119 cytrynow\u0105 i olejek oraz cynamon, ostro\u017cnie wymiesza\u0107.<br \/>\n4. Tortownic\u0119 posmarowa\u0107 olejem, przela\u0107 do niej mas\u0119 i w piekarniku nagrzanym do 200 st. C piec 45 minut. Warto sprawdzi\u0107 przy pomocy patyczka czy ciasto jest upieczone.<br \/>\n5. Ostudzone ciasto przez siteczko posypa\u0107 cukrem pudrem. <\/p>\n","protected":false},"excerpt":{"rendered":"<p>75 dag sera trzykrotnie mielonego na serniki, 6 jaj, 6 \u0142y\u017cek miodu, sk\u00f3rka otarta z po\u0142owy cytryny, 3 krople olejku cytrynowego, \u0107wier\u0107 \u0142y\u017ceczki mielonego cynamonu Do posmarowania formy: \u0142y\u017cka oleju Do posypania wierzchu: 2 \u0142y\u017cki cukru pudru 1. Utrze\u0107 \u017c\u00f3\u0142tka z miodem, dalej ucieraj\u0105c dodawa\u0107 ser. 2. Ubi\u0107 bia\u0142ka na sztywn\u0105 pian\u0119. 3. Wymiesza\u0107 mas\u0119 [&hellip;]<\/p>\n","protected":false},"author":2,"featured_media":0,"comment_status":"open","ping_status":"open","sticky":false,"template":"","format":"standard","meta":{"footnotes":""},"categories":[1],"tags":[],"_links":{"self":[{"href":"https:\/\/blog.polityka.pl\/adamczewski\/wp-json\/wp\/v2\/posts\/10766"}],"collection":[{"href":"https:\/\/blog.polityka.pl\/adamczewski\/wp-json\/wp\/v2\/posts"}],"about":[{"href":"https:\/\/blog.polityka.pl\/adamczewski\/wp-json\/wp\/v2\/types\/post"}],"author":[{"embeddable":true,"href":"https:\/\/blog.polityka.pl\/adamczewski\/wp-json\/wp\/v2\/users\/2"}],"replies":[{"embeddable":true,"href":"https:\/\/blog.polityka.pl\/adamczewski\/wp-json\/wp\/v2\/comments?post=10766"}],"version-history":[{"count":0,"href":"https:\/\/blog.polityka.pl\/adamczewski\/wp-json\/wp\/v2\/posts\/10766\/revisions"}],"wp:attachment":[{"href":"https:\/\/blog.polityka.pl\/adamczewski\/wp-json\/wp\/v2\/media?parent=10766"}],"wp:term":[{"taxonomy":"category","embeddable":true,"href":"https:\/\/blog.polityka.pl\/adamczewski\/wp-json\/wp\/v2\/categories?post=10766"},{"taxonomy":"post_tag","embeddable":true,"href":"https:\/\/blog.polityka.pl\/adamczewski\/wp-json\/wp\/v2\/tags?post=10766"}],"curies":[{"name":"wp","href":"https:\/\/api.w.org\/{rel}","templated":true}]}}