
{"id":1077,"date":"2009-08-06T08:00:05","date_gmt":"2009-08-06T06:00:05","guid":{"rendered":"http:\/\/adamczewski.blog.polityka.pl\/?p=1077"},"modified":"2009-08-04T17:46:37","modified_gmt":"2009-08-04T15:46:37","slug":"a-w-tusinku-nadal-smacznie","status":"publish","type":"post","link":"https:\/\/blog.polityka.pl\/adamczewski\/2009\/08\/06\/a-w-tusinku-nadal-smacznie\/","title":{"rendered":"A w Tusinku nadal smacznie"},"content":{"rendered":"<p>\u00a0<br \/>\nZrobili\u015bmy w miniony poniedzia\u0142ek sobie wycieczk\u0119. Pojechali\u015bmy z s\u0105siadami czyli Ani\u0105 i Andrzejem H. na Mazury. Pretekstem by\u0142 odbi\u00f3r Zuzi z domu letniego jej kole\u017canki i przewiezienie do naszego ale przy okazji mieli\u015bmy nadziej\u0119 na kupno mazurskich ryb i obiad w naszym ulubionym zaje\u017adzie w Tusinku.<\/p>\n<p>Podr\u00f3\u017c nie by\u0142a m\u0119cz\u0105ca bo to niewiele ponad 100 km w jedna stron\u0119 a mijane okolice pi\u0119kne. Stwierdzili\u015bmy te\u017c naocznie, \u017ce znacznie przyby\u0142o nam rodzin bocianich. Mijali\u015bmy takie wsie, w kt\u00f3rych bocianie gniazda by\u0142y na ka\u017cdym s\u0142upie linii elektrycznej. I w ka\u017cdym pe\u0142na rodzina.<\/p>\n<p>\u00a0Tu\u017c przed dojazdem do celu czyli miejscowo\u015bci Narty zatrzymali\u015bmy si\u0119 w Jedwabnie pod znanym nam sklepem z rybami. Kupili\u015bmy w\u0119dzonego suma, sielaw\u0119 i w\u0119gorza. Mimo podw\u00f3jnego opakowania ca\u0142e auto zacz\u0119\u0142o pachnie\u0107 jak w\u0119dzarnia ale dla \u0142asuch\u00f3w taki zapach milszy ni\u017c Chanel.<\/p>\n<p>Zuzi\u0119 zastali\u015bmy kwitn\u0105c\u0105. Podzi\u0119kowali\u015bmy gospodarzom, u\u015bciskali\u015bmy serdecznie\u00a0 i natychmiast ruszyli\u015bmy w dalsz\u0105 drog\u0119\u00a0&#8211; do Szczytna i dalej w kierunku Ostro\u0142\u0119ki. Tu\u017c za Rozogami, po prawej stronie szosy le\u017cy Tusinek. Dom mieszcz\u0105cy restauracj\u0119 poro\u015bni\u0119ty pi\u0119knie dzikim winem. Przed drzwiami pomidory i inne warzywa z tutejszych upraw oraz cennik wszystkich innych warzyw.<\/p>\n<p>\u00a0<\/p>\n<p><a href=\"\/wp-content\/uploads\/2009\/08\/tusinek-1-p8030140.jpg\"><img loading=\"lazy\" decoding=\"async\" class=\"aligncenter size-full wp-image-1082\" title=\"tusinek-1-p8030140\" src=\"\/wp-content\/uploads\/2009\/08\/tusinek-1-p8030140.jpg\" alt=\"\" width=\"500\" height=\"375\" srcset=\"\/adamczewski\/wp-content\/uploads\/2009\/08\/tusinek-1-p8030140.jpg 640w, \/adamczewski\/wp-content\/uploads\/2009\/08\/tusinek-1-p8030140-300x225.jpg 300w\" sizes=\"(max-width: 500px) 100vw, 500px\" \/><\/a><\/p>\n<p>Wewn\u0105trz\u00a0&#8211; jak zwykle\u00a0&#8211; mi\u0142a wo\u0144 zi\u00f3\u0142 ale i w\u0119dlin oraz smakowito\u015bci, kt\u00f3re przyrz\u0105dzane s\u0105 w kuchni. Na pocz\u0105tek kupili\u015bmy pomidory, szynk\u0119, mi\u00f3d, razowiec i kilka podp\u0142omyk\u00f3w pakowanych w tekturowe pude\u0142ka jak te do pizzy.<\/p>\n<p>\u00a0<\/p>\n<p><a href=\"\/wp-content\/uploads\/2009\/08\/tusinek-2-p8030141.jpg\"><img loading=\"lazy\" decoding=\"async\" class=\"aligncenter size-full wp-image-1083\" title=\"tusinek-2-p8030141\" src=\"\/wp-content\/uploads\/2009\/08\/tusinek-2-p8030141.jpg\" alt=\"\" width=\"500\" height=\"375\" srcset=\"\/adamczewski\/wp-content\/uploads\/2009\/08\/tusinek-2-p8030141.jpg 640w, \/adamczewski\/wp-content\/uploads\/2009\/08\/tusinek-2-p8030141-300x225.jpg 300w\" sizes=\"(max-width: 500px) 100vw, 500px\" \/><\/a><\/p>\n<p>Zasiedli\u015bmy przy stole na powietrzu z widokiem na padok gdzie k\u0142usowa\u0142y wierzchowce. W oddali wida\u0107 by\u0142o zabudowania gospodarskie oraz dom dla letnik\u00f3w.<\/p>\n<p>Wyb\u00f3r obiadu by\u0142 prosty: ch\u0142odnik (fantastyczny) i dwa rodzaje drugiego\u00a0&#8211; dla pa\u0144 pierogi z mi\u0119sem, dla pan\u00f3w ko\u017al\u0119cina z grilla. Deser wsp\u00f3lny\u00a0&#8211; pierogi z jagodami.<\/p>\n<p>\u00a0<\/p>\n<p><a href=\"\/wp-content\/uploads\/2009\/08\/tusinek-3-p8030144.jpg\"><img loading=\"lazy\" decoding=\"async\" class=\"aligncenter size-full wp-image-1084\" title=\"tusinek-3-p8030144\" src=\"\/wp-content\/uploads\/2009\/08\/tusinek-3-p8030144.jpg\" alt=\"\" width=\"500\" height=\"375\" srcset=\"\/adamczewski\/wp-content\/uploads\/2009\/08\/tusinek-3-p8030144.jpg 640w, \/adamczewski\/wp-content\/uploads\/2009\/08\/tusinek-3-p8030144-300x225.jpg 300w\" sizes=\"(max-width: 500px) 100vw, 500px\" \/><\/a><\/p>\n<p>Jako\u015b\u0107 wszystkich da\u0144 by\u0142a jeszcze lepsza ni\u017c podczas poprzedniego pobytu. Tusinek jest jednym z niewielu zajazd\u00f3w, kt\u00f3ry trzyma (a nawet podwy\u017csza jak wida\u0107) poziom. Mamy przyjaci\u00f3\u0142 (np. naczelny Playboya Marcin M.), kt\u00f3rzy ilekro\u0107 s\u0105 na Mazurach to potrafi\u0105 nad\u0142o\u017cy\u0107 sporo kilometr\u00f3w byle tylko zje\u015b\u0107 co\u015b w Tusinku.<\/p>\n<p>\u00a0<\/p>\n<p><a href=\"\/wp-content\/uploads\/2009\/08\/tusinek-4-p8030146.jpg\"><img loading=\"lazy\" decoding=\"async\" class=\"aligncenter size-full wp-image-1085\" title=\"tusinek-4-p8030146\" src=\"\/wp-content\/uploads\/2009\/08\/tusinek-4-p8030146.jpg\" alt=\"\" width=\"500\" height=\"375\" srcset=\"\/adamczewski\/wp-content\/uploads\/2009\/08\/tusinek-4-p8030146.jpg 640w, \/adamczewski\/wp-content\/uploads\/2009\/08\/tusinek-4-p8030146-300x225.jpg 300w\" sizes=\"(max-width: 500px) 100vw, 500px\" \/><\/a><\/p>\n<p>Dalsza droga by\u0142a ju\u017c bez przystank\u00f3w. Spieszyli\u015bmy si\u0119 do domu, bo tam ju\u017c na Zuzi\u0119 czeka\u0142a kolejna przyjaci\u00f3\u0142ka &#8211; Jula, kt\u00f3ra sp\u0119dzi u nas tydzie\u0144. Ale wkr\u00f3tce wr\u00f3cimy w te strony. Mamy wa\u017cny pow\u00f3d by odwiedzi\u0107 Ostro\u0142\u0119k\u0119. Mimo, \u017ce mieszka\u0144cy tego miasta maj\u0105 obyczaj rozmy\u015blnego irytowania przy(czy raczej prze)jezdnych. Ale co tam. \u017burnali\u015bci a zw\u0142aszcza ci kulinarni, stale s\u0105 nara\u017ceni na stresy.I odporni.<br \/>\n\u00a0<\/p>\n<p><a href=\"\/wp-content\/uploads\/2009\/08\/tusinek-5-ja-p8030147.jpg\"><img loading=\"lazy\" decoding=\"async\" class=\"aligncenter size-full wp-image-1086\" title=\"tusinek-5-ja-p8030147\" src=\"\/wp-content\/uploads\/2009\/08\/tusinek-5-ja-p8030147.jpg\" alt=\"\" width=\"500\" height=\"375\" srcset=\"\/adamczewski\/wp-content\/uploads\/2009\/08\/tusinek-5-ja-p8030147.jpg 640w, \/adamczewski\/wp-content\/uploads\/2009\/08\/tusinek-5-ja-p8030147-300x225.jpg 300w\" sizes=\"(max-width: 500px) 100vw, 500px\" \/><\/a><\/p>\n","protected":false},"excerpt":{"rendered":"<p>\u00a0 Zrobili\u015bmy w miniony poniedzia\u0142ek sobie wycieczk\u0119. Pojechali\u015bmy z s\u0105siadami czyli Ani\u0105 i Andrzejem H. na Mazury. Pretekstem by\u0142 odbi\u00f3r Zuzi z domu letniego jej kole\u017canki i przewiezienie do naszego ale przy okazji mieli\u015bmy nadziej\u0119 na kupno mazurskich ryb i obiad w naszym ulubionym zaje\u017adzie w Tusinku. Podr\u00f3\u017c nie by\u0142a m\u0119cz\u0105ca bo to niewiele ponad [&hellip;]<\/p>\n","protected":false},"author":2,"featured_media":0,"comment_status":"open","ping_status":"open","sticky":false,"template":"","format":"standard","meta":{"footnotes":""},"categories":[1],"tags":[],"_links":{"self":[{"href":"https:\/\/blog.polityka.pl\/adamczewski\/wp-json\/wp\/v2\/posts\/1077"}],"collection":[{"href":"https:\/\/blog.polityka.pl\/adamczewski\/wp-json\/wp\/v2\/posts"}],"about":[{"href":"https:\/\/blog.polityka.pl\/adamczewski\/wp-json\/wp\/v2\/types\/post"}],"author":[{"embeddable":true,"href":"https:\/\/blog.polityka.pl\/adamczewski\/wp-json\/wp\/v2\/users\/2"}],"replies":[{"embeddable":true,"href":"https:\/\/blog.polityka.pl\/adamczewski\/wp-json\/wp\/v2\/comments?post=1077"}],"version-history":[{"count":0,"href":"https:\/\/blog.polityka.pl\/adamczewski\/wp-json\/wp\/v2\/posts\/1077\/revisions"}],"wp:attachment":[{"href":"https:\/\/blog.polityka.pl\/adamczewski\/wp-json\/wp\/v2\/media?parent=1077"}],"wp:term":[{"taxonomy":"category","embeddable":true,"href":"https:\/\/blog.polityka.pl\/adamczewski\/wp-json\/wp\/v2\/categories?post=1077"},{"taxonomy":"post_tag","embeddable":true,"href":"https:\/\/blog.polityka.pl\/adamczewski\/wp-json\/wp\/v2\/tags?post=1077"}],"curies":[{"name":"wp","href":"https:\/\/api.w.org\/{rel}","templated":true}]}}