
{"id":10770,"date":"2011-02-04T06:59:31","date_gmt":"2011-02-04T05:59:31","guid":{"rendered":"http:\/\/adamczewscy.pl\/?p=3108"},"modified":"2011-02-04T06:59:31","modified_gmt":"2011-02-04T05:59:31","slug":"dzemowy-piernik","status":"publish","type":"post","link":"https:\/\/blog.polityka.pl\/adamczewski\/2011\/02\/04\/dzemowy-piernik\/","title":{"rendered":"D\u017cemowy piernik"},"content":{"rendered":"<p><em>P\u00f3\u0142 s\u0142oika (450-gramowego) dobrego d\u017cemu wi\u015bniowego, 4 jaja, szklanka cukru, p\u00f3\u0142 szklanki smietany, 3 szklanki m\u0105ki, \u0142y\u017ceczka proszku do pieczenia, 2- 3 \u0142y\u017ceczki przyprawy do piernika, 2 \u0142y\u017ceczki proszku do pieczenia, p\u00f3\u0142 kostki mas\u0142a<br \/>\nDo posmarowania tortownicy: \u0142y\u017cka mas\u0142a <\/em><\/p>\n<p>1. W misce wymiesza\u0107 m\u0105k\u0119 z proszkiem do pieczenia i przypraw\u0119 do piernika.<br \/>\n2. Zmiksowa\u0107 jaja z cukrem, \u015bmietan\u0105 i d\u017cemem.<br \/>\n3. Po\u0142\u0105czy\u0107 zmiksowan\u0105 mas\u0119 jajeczn\u0105 z m\u0105k\u0105 z dodatkami, dok\u0142adnie wymiesza\u0107, doda\u0107 roztopione i ostudzone mas\u0142o, raz jeszcze wymiesza\u0107.<br \/>\n4. Tortownic\u0119 posmarowa\u0107 mas\u0142em, wyla\u0107 do niej ciasto.<br \/>\n5. Nagrza\u0107 piekarnik do temperatury 180 st. C i piec piernik oko\u0142o 40 minut. Kiedy patyczek wk\u0142uty w ciasto jest suchy- mo\u017cna piernik wystawi\u0107 z piekarnika. <\/p>\n","protected":false},"excerpt":{"rendered":"<p>P\u00f3\u0142 s\u0142oika (450-gramowego) dobrego d\u017cemu wi\u015bniowego, 4 jaja, szklanka cukru, p\u00f3\u0142 szklanki smietany, 3 szklanki m\u0105ki, \u0142y\u017ceczka proszku do pieczenia, 2- 3 \u0142y\u017ceczki przyprawy do piernika, 2 \u0142y\u017ceczki proszku do pieczenia, p\u00f3\u0142 kostki mas\u0142a Do posmarowania tortownicy: \u0142y\u017cka mas\u0142a 1. W misce wymiesza\u0107 m\u0105k\u0119 z proszkiem do pieczenia i przypraw\u0119 do piernika. 2. Zmiksowa\u0107 jaja [&hellip;]<\/p>\n","protected":false},"author":2,"featured_media":0,"comment_status":"open","ping_status":"open","sticky":false,"template":"","format":"standard","meta":{"footnotes":""},"categories":[1],"tags":[],"_links":{"self":[{"href":"https:\/\/blog.polityka.pl\/adamczewski\/wp-json\/wp\/v2\/posts\/10770"}],"collection":[{"href":"https:\/\/blog.polityka.pl\/adamczewski\/wp-json\/wp\/v2\/posts"}],"about":[{"href":"https:\/\/blog.polityka.pl\/adamczewski\/wp-json\/wp\/v2\/types\/post"}],"author":[{"embeddable":true,"href":"https:\/\/blog.polityka.pl\/adamczewski\/wp-json\/wp\/v2\/users\/2"}],"replies":[{"embeddable":true,"href":"https:\/\/blog.polityka.pl\/adamczewski\/wp-json\/wp\/v2\/comments?post=10770"}],"version-history":[{"count":0,"href":"https:\/\/blog.polityka.pl\/adamczewski\/wp-json\/wp\/v2\/posts\/10770\/revisions"}],"wp:attachment":[{"href":"https:\/\/blog.polityka.pl\/adamczewski\/wp-json\/wp\/v2\/media?parent=10770"}],"wp:term":[{"taxonomy":"category","embeddable":true,"href":"https:\/\/blog.polityka.pl\/adamczewski\/wp-json\/wp\/v2\/categories?post=10770"},{"taxonomy":"post_tag","embeddable":true,"href":"https:\/\/blog.polityka.pl\/adamczewski\/wp-json\/wp\/v2\/tags?post=10770"}],"curies":[{"name":"wp","href":"https:\/\/api.w.org\/{rel}","templated":true}]}}