
{"id":10771,"date":"2011-02-04T07:01:59","date_gmt":"2011-02-04T06:01:59","guid":{"rendered":"http:\/\/adamczewscy.pl\/?p=3109"},"modified":"2011-02-04T07:01:59","modified_gmt":"2011-02-04T06:01:59","slug":"lekki-placek-z-brzoskwiniami","status":"publish","type":"post","link":"https:\/\/blog.polityka.pl\/adamczewski\/2011\/02\/04\/lekki-placek-z-brzoskwiniami\/","title":{"rendered":"Lekki placek z brzoskwiniami"},"content":{"rendered":"<p><em>Puszka brzoskwi\u0144 w syropie, cukier waniliowy z prawdziw\u0105 wanili\u0105, 3 \u0142y\u017cki mas\u0142a, 5 \u0142y\u017cek cukru, 4 jaja, 3 \u0142y\u017cki m\u0105ki, szklanka \u015bmietany 30-proc.<br \/>\nDo posypania: \u0142y\u017cka cukru pudru<br \/>\nDo posmarowania tortownicy: \u0142y\u017cka mas\u0142a<br \/>\n<\/em><br \/>\n1. Brzoskwinie przela\u0107 do durszlaka, aby odciek\u0142 sok.<br \/>\n2. Utrze\u0107 przy pomocy miksera mas\u0142o z cukrem i cukrem waniliowym, doda\u0107 jajka, m\u0105k\u0119, \u015bmietan\u0119 i wszystko razem miksowa\u0107 20 sekund.<br \/>\n3. Posmarowa\u0107 dno tortownicy, u\u0142o\u017cy\u0107 na nim po\u0142\u00f3wki brzoskwi\u0144 wypuk\u0142\u0105 stron\u0105 do g\u00f3ry.<br \/>\n4. Na owoce wyla\u0107 ciasto.<br \/>\n5. W nagrzanym do 180 st. C piec ciasto 35 minut.<br \/>\n6. Po wyj\u0119ciu z piekarnika chwil\u0119 ch\u0142odzi\u0107 ciasto, po czym posypa\u0107 przez siteczko cukrem pudrem. <\/p>\n","protected":false},"excerpt":{"rendered":"<p>Puszka brzoskwi\u0144 w syropie, cukier waniliowy z prawdziw\u0105 wanili\u0105, 3 \u0142y\u017cki mas\u0142a, 5 \u0142y\u017cek cukru, 4 jaja, 3 \u0142y\u017cki m\u0105ki, szklanka \u015bmietany 30-proc. Do posypania: \u0142y\u017cka cukru pudru Do posmarowania tortownicy: \u0142y\u017cka mas\u0142a 1. Brzoskwinie przela\u0107 do durszlaka, aby odciek\u0142 sok. 2. Utrze\u0107 przy pomocy miksera mas\u0142o z cukrem i cukrem waniliowym, doda\u0107 jajka, m\u0105k\u0119, [&hellip;]<\/p>\n","protected":false},"author":2,"featured_media":0,"comment_status":"open","ping_status":"open","sticky":false,"template":"","format":"standard","meta":{"footnotes":""},"categories":[1],"tags":[],"_links":{"self":[{"href":"https:\/\/blog.polityka.pl\/adamczewski\/wp-json\/wp\/v2\/posts\/10771"}],"collection":[{"href":"https:\/\/blog.polityka.pl\/adamczewski\/wp-json\/wp\/v2\/posts"}],"about":[{"href":"https:\/\/blog.polityka.pl\/adamczewski\/wp-json\/wp\/v2\/types\/post"}],"author":[{"embeddable":true,"href":"https:\/\/blog.polityka.pl\/adamczewski\/wp-json\/wp\/v2\/users\/2"}],"replies":[{"embeddable":true,"href":"https:\/\/blog.polityka.pl\/adamczewski\/wp-json\/wp\/v2\/comments?post=10771"}],"version-history":[{"count":0,"href":"https:\/\/blog.polityka.pl\/adamczewski\/wp-json\/wp\/v2\/posts\/10771\/revisions"}],"wp:attachment":[{"href":"https:\/\/blog.polityka.pl\/adamczewski\/wp-json\/wp\/v2\/media?parent=10771"}],"wp:term":[{"taxonomy":"category","embeddable":true,"href":"https:\/\/blog.polityka.pl\/adamczewski\/wp-json\/wp\/v2\/categories?post=10771"},{"taxonomy":"post_tag","embeddable":true,"href":"https:\/\/blog.polityka.pl\/adamczewski\/wp-json\/wp\/v2\/tags?post=10771"}],"curies":[{"name":"wp","href":"https:\/\/api.w.org\/{rel}","templated":true}]}}