
{"id":10774,"date":"2011-02-11T07:23:04","date_gmt":"2011-02-11T06:23:04","guid":{"rendered":"http:\/\/adamczewscy.pl\/?p=3113"},"modified":"2011-02-11T07:23:04","modified_gmt":"2011-02-11T06:23:04","slug":"surowka-z-owocami-2","status":"publish","type":"post","link":"https:\/\/blog.polityka.pl\/adamczewski\/2011\/02\/11\/surowka-z-owocami-2\/","title":{"rendered":"Sur\u00f3wka z owocami"},"content":{"rendered":"<p><em>Czerwony grejpfrut, 4 pomara\u0144cze, 8 owoc\u00f3w kumkwatu, niedu\u017ca czerwona cebula,<br \/>\n\u0142y\u017cka posiekanej mi\u0119ty lub Melissy<br \/>\nNa sos: sok z po\u0142\u00f3wki pomara\u0144czy oraz starta z niej sk\u00f3rka, \u0142y\u017cka octu balsamicznego, 3 \u0142y\u017cki oliwy z oliwek, s\u00f3l, pieprz<br \/>\n<\/em><\/p>\n<p>1. Grejpfruta i pomara\u0144cze okroi\u0107 ze sk\u00f3rki, pokroi\u0107 w centymetrowe plastry a te na \u0107wiartki.<br \/>\n2. Kumkwaty pokroi\u0107 w jak najcie\u0144sze plasterki.<br \/>\n3. Na du\u017cym p\u00f3\u0142misku u\u0142o\u017cy\u0107 kawa\u0142ki pokrojonych owoc\u00f3w.<br \/>\n4. Cebule pokroi\u0107 w kr\u0105\u017cki, porozdziela\u0107 na pier\u015bcionki.<br \/>\n5. Pier\u015bcionki cebuli porozk\u0142ada\u0107 na owocach.<br \/>\n6. Przygotowa\u0107 sos: sok pomara\u0144czowy, start\u0105 sk\u00f3rk\u0119 oraz pieprz, s\u00f3l, ocet balsamiczny i oliw\u0119 wymiesza\u0107 i pola\u0107 nim sur\u00f3wk\u0119. Posypa\u0107 posiekan\u0105 mi\u0119ta lub meliss\u0105.<\/p>\n","protected":false},"excerpt":{"rendered":"<p>Czerwony grejpfrut, 4 pomara\u0144cze, 8 owoc\u00f3w kumkwatu, niedu\u017ca czerwona cebula, \u0142y\u017cka posiekanej mi\u0119ty lub Melissy Na sos: sok z po\u0142\u00f3wki pomara\u0144czy oraz starta z niej sk\u00f3rka, \u0142y\u017cka octu balsamicznego, 3 \u0142y\u017cki oliwy z oliwek, s\u00f3l, pieprz 1. Grejpfruta i pomara\u0144cze okroi\u0107 ze sk\u00f3rki, pokroi\u0107 w centymetrowe plastry a te na \u0107wiartki. 2. Kumkwaty pokroi\u0107 w [&hellip;]<\/p>\n","protected":false},"author":2,"featured_media":0,"comment_status":"open","ping_status":"open","sticky":false,"template":"","format":"standard","meta":{"footnotes":""},"categories":[1],"tags":[],"_links":{"self":[{"href":"https:\/\/blog.polityka.pl\/adamczewski\/wp-json\/wp\/v2\/posts\/10774"}],"collection":[{"href":"https:\/\/blog.polityka.pl\/adamczewski\/wp-json\/wp\/v2\/posts"}],"about":[{"href":"https:\/\/blog.polityka.pl\/adamczewski\/wp-json\/wp\/v2\/types\/post"}],"author":[{"embeddable":true,"href":"https:\/\/blog.polityka.pl\/adamczewski\/wp-json\/wp\/v2\/users\/2"}],"replies":[{"embeddable":true,"href":"https:\/\/blog.polityka.pl\/adamczewski\/wp-json\/wp\/v2\/comments?post=10774"}],"version-history":[{"count":0,"href":"https:\/\/blog.polityka.pl\/adamczewski\/wp-json\/wp\/v2\/posts\/10774\/revisions"}],"wp:attachment":[{"href":"https:\/\/blog.polityka.pl\/adamczewski\/wp-json\/wp\/v2\/media?parent=10774"}],"wp:term":[{"taxonomy":"category","embeddable":true,"href":"https:\/\/blog.polityka.pl\/adamczewski\/wp-json\/wp\/v2\/categories?post=10774"},{"taxonomy":"post_tag","embeddable":true,"href":"https:\/\/blog.polityka.pl\/adamczewski\/wp-json\/wp\/v2\/tags?post=10774"}],"curies":[{"name":"wp","href":"https:\/\/api.w.org\/{rel}","templated":true}]}}