
{"id":10775,"date":"2011-02-11T07:23:59","date_gmt":"2011-02-11T06:23:59","guid":{"rendered":"http:\/\/adamczewscy.pl\/?p=3114"},"modified":"2011-02-11T07:23:59","modified_gmt":"2011-02-11T06:23:59","slug":"risotto-z-fasolka-szparagowa-i-rokpolem","status":"publish","type":"post","link":"https:\/\/blog.polityka.pl\/adamczewski\/2011\/02\/11\/risotto-z-fasolka-szparagowa-i-rokpolem\/","title":{"rendered":"Risotto z fasolk\u0105 szparagow\u0105 i rokpolem"},"content":{"rendered":"<p><em>Szklanka ry\u017cu arborio, \u0142y\u017cka oliwy, cebula, z\u0105bek czosnku, 30 dag zielonej fasoli szparagowej, 2 szklanki roso\u0142u warzywnego (mo\u017ce by\u0107 z kostki) 15 dag sera rokpol, p\u00f3\u0142 szklanki \u015bmietanki (mo\u017ce by\u0107 12-proc. ) puszka fasolki canellini, s\u00f3l, pieprz, \u0142y\u017cka posiekanej zielonej pietruszki, \u0142y\u017cka posiekanej \u015bwie\u017cej bazylii<br \/>\n<\/em><br \/>\n1. Rozgrza\u0107 oliw\u0119, zeszkli\u0107 na niej drobno posiekan\u0105 cebul\u0119 oraz przeci\u015bni\u0119ty przez prask\u0119 czosnek, doda\u0107 suchy ry\u017c i oczyszczona oraz pokrojona na kawa\u0142ki zielona fasol\u0119. Mieszaj\u0105c sma\u017cy\u0107 2 minuty.<br \/>\n2. Do ry\u017cu wla\u0107 ros\u00f3\u0142 warzywny i dusi\u0107 risotto 15-20 minut.<br \/>\n3. Do risotta doda\u0107 pokruszony ser rokpol i \u015bmietank\u0119 oraz ods\u0105czon\u0105 z zalewy fasolk\u0119 canellini.<br \/>\n4. Gotowa\u0107, a\u017c ry\u017c wch\u0142onie nadmiar p\u0142ynu a z sera utworzy si\u0119 g\u0119sty sos. Doprawi\u0107 sol\u0105 i pieprzem do smaku. Podawa\u0107, najlepiej w tym samym naczyniu, w kt\u00f3rym risotto si\u0119 gotowa\u0142o.<br \/>\nPodaj\u0105c posypa\u0107 risotto siekan\u0105 zielon\u0105 pietruszk\u0105 i bazyli\u0105. <\/p>\n","protected":false},"excerpt":{"rendered":"<p>Szklanka ry\u017cu arborio, \u0142y\u017cka oliwy, cebula, z\u0105bek czosnku, 30 dag zielonej fasoli szparagowej, 2 szklanki roso\u0142u warzywnego (mo\u017ce by\u0107 z kostki) 15 dag sera rokpol, p\u00f3\u0142 szklanki \u015bmietanki (mo\u017ce by\u0107 12-proc. ) puszka fasolki canellini, s\u00f3l, pieprz, \u0142y\u017cka posiekanej zielonej pietruszki, \u0142y\u017cka posiekanej \u015bwie\u017cej bazylii 1. Rozgrza\u0107 oliw\u0119, zeszkli\u0107 na niej drobno posiekan\u0105 cebul\u0119 oraz [&hellip;]<\/p>\n","protected":false},"author":2,"featured_media":0,"comment_status":"open","ping_status":"open","sticky":false,"template":"","format":"standard","meta":{"footnotes":""},"categories":[1],"tags":[],"_links":{"self":[{"href":"https:\/\/blog.polityka.pl\/adamczewski\/wp-json\/wp\/v2\/posts\/10775"}],"collection":[{"href":"https:\/\/blog.polityka.pl\/adamczewski\/wp-json\/wp\/v2\/posts"}],"about":[{"href":"https:\/\/blog.polityka.pl\/adamczewski\/wp-json\/wp\/v2\/types\/post"}],"author":[{"embeddable":true,"href":"https:\/\/blog.polityka.pl\/adamczewski\/wp-json\/wp\/v2\/users\/2"}],"replies":[{"embeddable":true,"href":"https:\/\/blog.polityka.pl\/adamczewski\/wp-json\/wp\/v2\/comments?post=10775"}],"version-history":[{"count":0,"href":"https:\/\/blog.polityka.pl\/adamczewski\/wp-json\/wp\/v2\/posts\/10775\/revisions"}],"wp:attachment":[{"href":"https:\/\/blog.polityka.pl\/adamczewski\/wp-json\/wp\/v2\/media?parent=10775"}],"wp:term":[{"taxonomy":"category","embeddable":true,"href":"https:\/\/blog.polityka.pl\/adamczewski\/wp-json\/wp\/v2\/categories?post=10775"},{"taxonomy":"post_tag","embeddable":true,"href":"https:\/\/blog.polityka.pl\/adamczewski\/wp-json\/wp\/v2\/tags?post=10775"}],"curies":[{"name":"wp","href":"https:\/\/api.w.org\/{rel}","templated":true}]}}