
{"id":10776,"date":"2011-02-11T07:24:48","date_gmt":"2011-02-11T06:24:48","guid":{"rendered":"http:\/\/adamczewscy.pl\/?p=3115"},"modified":"2011-02-11T07:24:48","modified_gmt":"2011-02-11T06:24:48","slug":"imbirowa-surowka-z-marchwi","status":"publish","type":"post","link":"https:\/\/blog.polityka.pl\/adamczewski\/2011\/02\/11\/imbirowa-surowka-z-marchwi\/","title":{"rendered":"Imbirowa sur\u00f3wka z marchwi"},"content":{"rendered":"<p><em>4 du\u017ce marchwie, 2 \u0142y\u017cki posiekanych orzech\u00f3w w\u0142oskich, 3 \u0142y\u017cki drobnych rodzynek<br \/>\nNa sos: ? szklanki jogurtu naturalnego, 2 \u0142y\u017ceczki startego imbiru, sok i sk\u00f3rka z po\u0142owy pomara\u0144czy oraz sok i sk\u00f3rka z po\u0142owy cytryny, p\u00f3\u0142 \u0142y\u017ceczki miodu lub cukru, s\u00f3l<\/em><\/p>\n<p>1. Na suchej patelni upra\u017cy\u0107 orzechy.<br \/>\n2. Na drobnej tarce jarzynowej zetrze\u0107 sk\u00f3rk\u0119 z pomara\u0144czy i cytryny (w obu przypadkach z po\u0142\u00f3wek).<br \/>\n3. Wymiesza\u0107 oba soki ze startym imbirem oraz sk\u00f3rkami z pomara\u0144czy i cytryny, doda\u0107 jogurt, mi\u00f3d lub cukier i s\u00f3l.<br \/>\n4. Marchew zetrze\u0107 na grubej jarzynowej tarce, wymiesza\u0107 z sosem i po wierzchu posypa\u0107 pra\u017conymi orzechami. <\/p>\n","protected":false},"excerpt":{"rendered":"<p>4 du\u017ce marchwie, 2 \u0142y\u017cki posiekanych orzech\u00f3w w\u0142oskich, 3 \u0142y\u017cki drobnych rodzynek Na sos: ? szklanki jogurtu naturalnego, 2 \u0142y\u017ceczki startego imbiru, sok i sk\u00f3rka z po\u0142owy pomara\u0144czy oraz sok i sk\u00f3rka z po\u0142owy cytryny, p\u00f3\u0142 \u0142y\u017ceczki miodu lub cukru, s\u00f3l 1. Na suchej patelni upra\u017cy\u0107 orzechy. 2. Na drobnej tarce jarzynowej zetrze\u0107 sk\u00f3rk\u0119 z [&hellip;]<\/p>\n","protected":false},"author":2,"featured_media":0,"comment_status":"open","ping_status":"open","sticky":false,"template":"","format":"standard","meta":{"footnotes":""},"categories":[1],"tags":[],"_links":{"self":[{"href":"https:\/\/blog.polityka.pl\/adamczewski\/wp-json\/wp\/v2\/posts\/10776"}],"collection":[{"href":"https:\/\/blog.polityka.pl\/adamczewski\/wp-json\/wp\/v2\/posts"}],"about":[{"href":"https:\/\/blog.polityka.pl\/adamczewski\/wp-json\/wp\/v2\/types\/post"}],"author":[{"embeddable":true,"href":"https:\/\/blog.polityka.pl\/adamczewski\/wp-json\/wp\/v2\/users\/2"}],"replies":[{"embeddable":true,"href":"https:\/\/blog.polityka.pl\/adamczewski\/wp-json\/wp\/v2\/comments?post=10776"}],"version-history":[{"count":0,"href":"https:\/\/blog.polityka.pl\/adamczewski\/wp-json\/wp\/v2\/posts\/10776\/revisions"}],"wp:attachment":[{"href":"https:\/\/blog.polityka.pl\/adamczewski\/wp-json\/wp\/v2\/media?parent=10776"}],"wp:term":[{"taxonomy":"category","embeddable":true,"href":"https:\/\/blog.polityka.pl\/adamczewski\/wp-json\/wp\/v2\/categories?post=10776"},{"taxonomy":"post_tag","embeddable":true,"href":"https:\/\/blog.polityka.pl\/adamczewski\/wp-json\/wp\/v2\/tags?post=10776"}],"curies":[{"name":"wp","href":"https:\/\/api.w.org\/{rel}","templated":true}]}}