
{"id":10777,"date":"2011-02-11T07:25:43","date_gmt":"2011-02-11T06:25:43","guid":{"rendered":"http:\/\/adamczewscy.pl\/?p=3116"},"modified":"2011-02-11T07:25:43","modified_gmt":"2011-02-11T06:25:43","slug":"cykoria-z-gruszka-i-rokpolem","status":"publish","type":"post","link":"https:\/\/blog.polityka.pl\/adamczewski\/2011\/02\/11\/cykoria-z-gruszka-i-rokpolem\/","title":{"rendered":"Cykoria z gruszk\u0105 i rokpolem"},"content":{"rendered":"<p><em>2 du\u017ce kolby cykorii, 2 s\u0142odkie i j\u0119drne gruszki, 10 dag sera rokpol, 8 po\u0142\u00f3wek orzech\u00f3w w\u0142oskich<br \/>\nNa sos: \u0142y\u017cka octu balsamicznego, 2 \u0142y\u017cki oliwy, \u0142y\u017cka oleju z orzech\u00f3w w\u0142oskich, s\u00f3l, pieprz i cukier do smaku<br \/>\n<\/em><\/p>\n<p>1. Wszystkie sk\u0142adniki sosu w\u0142o\u017cy\u0107 do zakr\u0119canego s\u0142oiczka i dobrze wymiesza\u0107.<br \/>\n2. Cykorie umy\u0107, podzieli\u0107 na listki, pokroi\u0107 ka\u017cdy na 3-4 cz\u0119\u015bci. Gruszki obra\u0107, po przekrojeniu na po\u0142\u00f3wki usun\u0105\u0107 gniazda nasienne i pokroi\u0107 mi\u0105\u017csz w cienkie plasterki.<br \/>\n3. Orzechy upra\u017cy\u0107 na suchej patelni, aby sta\u0142y si\u0119 chrupkie.<br \/>\n4. Wymiesza\u0107 cykori\u0119 z gruszkami i orzechami.<br \/>\n5. Rokpol pokruszy\u0107 widelcem, posypa\u0107 wierzch sa\u0142atki, pola\u0107 sosem. Nie miesza\u0107 przed podaniem. <\/p>\n","protected":false},"excerpt":{"rendered":"<p>2 du\u017ce kolby cykorii, 2 s\u0142odkie i j\u0119drne gruszki, 10 dag sera rokpol, 8 po\u0142\u00f3wek orzech\u00f3w w\u0142oskich Na sos: \u0142y\u017cka octu balsamicznego, 2 \u0142y\u017cki oliwy, \u0142y\u017cka oleju z orzech\u00f3w w\u0142oskich, s\u00f3l, pieprz i cukier do smaku 1. Wszystkie sk\u0142adniki sosu w\u0142o\u017cy\u0107 do zakr\u0119canego s\u0142oiczka i dobrze wymiesza\u0107. 2. Cykorie umy\u0107, podzieli\u0107 na listki, pokroi\u0107 ka\u017cdy [&hellip;]<\/p>\n","protected":false},"author":2,"featured_media":0,"comment_status":"open","ping_status":"open","sticky":false,"template":"","format":"standard","meta":{"footnotes":""},"categories":[1],"tags":[],"_links":{"self":[{"href":"https:\/\/blog.polityka.pl\/adamczewski\/wp-json\/wp\/v2\/posts\/10777"}],"collection":[{"href":"https:\/\/blog.polityka.pl\/adamczewski\/wp-json\/wp\/v2\/posts"}],"about":[{"href":"https:\/\/blog.polityka.pl\/adamczewski\/wp-json\/wp\/v2\/types\/post"}],"author":[{"embeddable":true,"href":"https:\/\/blog.polityka.pl\/adamczewski\/wp-json\/wp\/v2\/users\/2"}],"replies":[{"embeddable":true,"href":"https:\/\/blog.polityka.pl\/adamczewski\/wp-json\/wp\/v2\/comments?post=10777"}],"version-history":[{"count":0,"href":"https:\/\/blog.polityka.pl\/adamczewski\/wp-json\/wp\/v2\/posts\/10777\/revisions"}],"wp:attachment":[{"href":"https:\/\/blog.polityka.pl\/adamczewski\/wp-json\/wp\/v2\/media?parent=10777"}],"wp:term":[{"taxonomy":"category","embeddable":true,"href":"https:\/\/blog.polityka.pl\/adamczewski\/wp-json\/wp\/v2\/categories?post=10777"},{"taxonomy":"post_tag","embeddable":true,"href":"https:\/\/blog.polityka.pl\/adamczewski\/wp-json\/wp\/v2\/tags?post=10777"}],"curies":[{"name":"wp","href":"https:\/\/api.w.org\/{rel}","templated":true}]}}