
{"id":10784,"date":"2011-02-25T07:44:09","date_gmt":"2011-02-25T06:44:09","guid":{"rendered":"http:\/\/adamczewscy.pl\/?p=3125"},"modified":"2011-02-25T07:44:09","modified_gmt":"2011-02-25T06:44:09","slug":"sernik-z-procentami-2","status":"publish","type":"post","link":"https:\/\/blog.polityka.pl\/adamczewski\/2011\/02\/25\/sernik-z-procentami-2\/","title":{"rendered":"Sernik z procentami"},"content":{"rendered":"<p><em>Na sp\u00f3d: szklanka z czubem m\u0105ki, p\u00f3\u0142 kostki mas\u0142a, 5 \u0142y\u017cek cukru, jajko, 2 \u0142y\u017ceczki proszku do pieczenia, szczypta soli, \u0142y\u017ceczka cukru waniliowego,<br \/>\nDo wysmarowania tortownicy: \u0142y\u017cka mas\u0142a<br \/>\nNa mas\u0119 serow\u0105: p\u00f3\u0142 kostki mi\u0119kkiego mas\u0142a, 3\/4 szklanki cukru, 50 dag sera trzykrotnie mielonego, 2 jaja, budy\u0144 waniliowy (proszek), p\u00f3\u0142torej szklanki mleka, p\u00f3\u0142 szklanki ajerkoniaku<br \/>\nTen delikatny sernik mo\u017cna podawa\u0107 z dodatkiem ajerkoniaku, kt\u00f3rym polewa\u0107 porcje.<br \/>\n<\/em><br \/>\n1. Zagnie\u015b\u0107 szybko kruche ciasto z podanych sk\u0142adnik\u00f3w.<br \/>\n2. Dno i boki wysmarowanej mas\u0142em tortownicy wylepi\u0107 kruchym ciastem.<br \/>\n3. Utrze\u0107 mas\u0142o z cukrem i jajami na pulchn\u0105 mas\u0119, doda\u0107 ser i dok\u0142adnie zmiksowa\u0107<br \/>\n4. Wymiesza\u0107 budyniowy proszek z mlekiem, doda\u0107 ajerkoniak i doda\u0107 miksuj\u0105c do masy serowej, wyg\u0142adzi\u0107 wierzch.<br \/>\n5. W nagrzanym do 180 st. C piekarniku piec sernik 70 minut.<br \/>\nPodawa\u0107 ozi\u0119biony sernik polany odrobin\u0105 ajerkoniaku. <\/p>\n","protected":false},"excerpt":{"rendered":"<p>Na sp\u00f3d: szklanka z czubem m\u0105ki, p\u00f3\u0142 kostki mas\u0142a, 5 \u0142y\u017cek cukru, jajko, 2 \u0142y\u017ceczki proszku do pieczenia, szczypta soli, \u0142y\u017ceczka cukru waniliowego, Do wysmarowania tortownicy: \u0142y\u017cka mas\u0142a Na mas\u0119 serow\u0105: p\u00f3\u0142 kostki mi\u0119kkiego mas\u0142a, 3\/4 szklanki cukru, 50 dag sera trzykrotnie mielonego, 2 jaja, budy\u0144 waniliowy (proszek), p\u00f3\u0142torej szklanki mleka, p\u00f3\u0142 szklanki ajerkoniaku Ten [&hellip;]<\/p>\n","protected":false},"author":2,"featured_media":0,"comment_status":"open","ping_status":"open","sticky":false,"template":"","format":"standard","meta":{"footnotes":""},"categories":[1],"tags":[],"_links":{"self":[{"href":"https:\/\/blog.polityka.pl\/adamczewski\/wp-json\/wp\/v2\/posts\/10784"}],"collection":[{"href":"https:\/\/blog.polityka.pl\/adamczewski\/wp-json\/wp\/v2\/posts"}],"about":[{"href":"https:\/\/blog.polityka.pl\/adamczewski\/wp-json\/wp\/v2\/types\/post"}],"author":[{"embeddable":true,"href":"https:\/\/blog.polityka.pl\/adamczewski\/wp-json\/wp\/v2\/users\/2"}],"replies":[{"embeddable":true,"href":"https:\/\/blog.polityka.pl\/adamczewski\/wp-json\/wp\/v2\/comments?post=10784"}],"version-history":[{"count":0,"href":"https:\/\/blog.polityka.pl\/adamczewski\/wp-json\/wp\/v2\/posts\/10784\/revisions"}],"wp:attachment":[{"href":"https:\/\/blog.polityka.pl\/adamczewski\/wp-json\/wp\/v2\/media?parent=10784"}],"wp:term":[{"taxonomy":"category","embeddable":true,"href":"https:\/\/blog.polityka.pl\/adamczewski\/wp-json\/wp\/v2\/categories?post=10784"},{"taxonomy":"post_tag","embeddable":true,"href":"https:\/\/blog.polityka.pl\/adamczewski\/wp-json\/wp\/v2\/tags?post=10784"}],"curies":[{"name":"wp","href":"https:\/\/api.w.org\/{rel}","templated":true}]}}