
{"id":10785,"date":"2011-02-25T07:44:57","date_gmt":"2011-02-25T06:44:57","guid":{"rendered":"http:\/\/adamczewscy.pl\/?p=3126"},"modified":"2011-02-25T07:44:57","modified_gmt":"2011-02-25T06:44:57","slug":"lazania-carbonara","status":"publish","type":"post","link":"https:\/\/blog.polityka.pl\/adamczewski\/2011\/02\/25\/lazania-carbonara\/","title":{"rendered":"Lazania carbonara"},"content":{"rendered":"<p><em>9 p\u0142at\u00f3w lazanii, 15 dag w\u0119dzonego boczku, 25 dag pieczarek, p\u00f3\u0142torej szklanki \u015bmietany, 5 jaj, szklanka startego \u017c\u00f3\u0142tego sera, 2 \u0142y\u017cki tartej bu\u0142ki, s\u00f3l, pieprz, starta ga\u0142ka muszkato\u0142owa<br \/>\nDo posmarowania \u017caroodpornej formy do lazanii: \u0142y\u017cka mas\u0142a<br \/>\n<\/em><br \/>\n1. Lazanie wrzuca\u0107 na minut\u0119 na wrz\u0105c\u0105 wod\u0119, po czym wyjmowa\u0107 i ods\u0105cza\u0107.<br \/>\n2. Boczek pokroi\u0107 w kostk\u0119 i podsma\u017cy\u0107 na patelni. Skwarki zdj\u0105\u0107 \u0142y\u017ck\u0105 wazow\u0105, pozostawi\u0107 na patelni wytopiony t\u0142uszcz.<br \/>\n3. Pieczarki umy\u0107, osuszy\u0107 poszatkowana plasterki, podsma\u017cy\u0107 na t\u0142uszczu pozosta\u0142ym na patelni.<br \/>\n4. Posmarowa\u0107 mas\u0142em form\u0119 do lazanii   u\u0142o\u017cy\u0107 warstw\u0119 p\u0142at\u00f3w, na pierwszej warstwie u\u0142o\u017cy\u0107 skwarki z boczku, zn\u00f3w warstw\u0119 p\u0142at\u00f3w , na nich usma\u017cone pieczarki. Na wierzchu u\u0142o\u017cy\u0107 kolejn\u0105 warstw\u0119 p\u0142at\u00f3w.<br \/>\n5. Wymiesza\u0107 \u015bmietan\u0119 z jajami, doprawi\u0107 sol\u0105, pieprzem i ga\u0142k\u0105 muszkato\u0142ow\u0105, zala\u0107 lazani\u0119, wierzch posypa\u0107 startym serem wymieszanym z tart\u0105 bu\u0142k\u0105<br \/>\n6. W piekarniku nagrzanym do 180 st. C zapieka\u0107 lazanie oko\u0142o 50 minut. <\/p>\n","protected":false},"excerpt":{"rendered":"<p>9 p\u0142at\u00f3w lazanii, 15 dag w\u0119dzonego boczku, 25 dag pieczarek, p\u00f3\u0142torej szklanki \u015bmietany, 5 jaj, szklanka startego \u017c\u00f3\u0142tego sera, 2 \u0142y\u017cki tartej bu\u0142ki, s\u00f3l, pieprz, starta ga\u0142ka muszkato\u0142owa Do posmarowania \u017caroodpornej formy do lazanii: \u0142y\u017cka mas\u0142a 1. Lazanie wrzuca\u0107 na minut\u0119 na wrz\u0105c\u0105 wod\u0119, po czym wyjmowa\u0107 i ods\u0105cza\u0107. 2. Boczek pokroi\u0107 w kostk\u0119 i [&hellip;]<\/p>\n","protected":false},"author":2,"featured_media":0,"comment_status":"open","ping_status":"open","sticky":false,"template":"","format":"standard","meta":{"footnotes":""},"categories":[1],"tags":[],"_links":{"self":[{"href":"https:\/\/blog.polityka.pl\/adamczewski\/wp-json\/wp\/v2\/posts\/10785"}],"collection":[{"href":"https:\/\/blog.polityka.pl\/adamczewski\/wp-json\/wp\/v2\/posts"}],"about":[{"href":"https:\/\/blog.polityka.pl\/adamczewski\/wp-json\/wp\/v2\/types\/post"}],"author":[{"embeddable":true,"href":"https:\/\/blog.polityka.pl\/adamczewski\/wp-json\/wp\/v2\/users\/2"}],"replies":[{"embeddable":true,"href":"https:\/\/blog.polityka.pl\/adamczewski\/wp-json\/wp\/v2\/comments?post=10785"}],"version-history":[{"count":0,"href":"https:\/\/blog.polityka.pl\/adamczewski\/wp-json\/wp\/v2\/posts\/10785\/revisions"}],"wp:attachment":[{"href":"https:\/\/blog.polityka.pl\/adamczewski\/wp-json\/wp\/v2\/media?parent=10785"}],"wp:term":[{"taxonomy":"category","embeddable":true,"href":"https:\/\/blog.polityka.pl\/adamczewski\/wp-json\/wp\/v2\/categories?post=10785"},{"taxonomy":"post_tag","embeddable":true,"href":"https:\/\/blog.polityka.pl\/adamczewski\/wp-json\/wp\/v2\/tags?post=10785"}],"curies":[{"name":"wp","href":"https:\/\/api.w.org\/{rel}","templated":true}]}}