
{"id":10786,"date":"2011-02-25T07:45:38","date_gmt":"2011-02-25T06:45:38","guid":{"rendered":"http:\/\/adamczewscy.pl\/?p=3127"},"modified":"2011-02-25T07:45:38","modified_gmt":"2011-02-25T06:45:38","slug":"zapiekana-fasola","status":"publish","type":"post","link":"https:\/\/blog.polityka.pl\/adamczewski\/2011\/02\/25\/zapiekana-fasola\/","title":{"rendered":"Zapiekana fasola"},"content":{"rendered":"<p><em>60 dag bia\u0142ej fasoli, 20 dag chudego boczku, 2 cebule, szklanka \u015bmietany, szklanka startego \u017c\u00f3\u0142tego sera, s\u00f3l, pieprz, \u0142y\u017cka mas\u0142a<\/em><\/p>\n<p>1. Namoczy\u0107 fasol\u0119 w 4 szklankach wody, nast\u0119pnego dnia ugotowa\u0107 do mi\u0119kko\u015bci z odrobin\u0105 soli.<br \/>\n2. Boczek pokroi\u0107 w ma\u0142\u0105 kostk\u0119 i stopi\u0107 na patelni, pod koniec doda\u0107 drobno posiekan\u0105 cebul\u0119.<br \/>\n3. Wymiesza\u0107 ugotowana fasol\u0119 z podsma\u017cona na boczku cebul\u0105, doprawi\u0107 sol\u0105, pieprzem.<br \/>\n4. Posmarowa\u0107 mas\u0142em kamionkow\u0105 lub szklan\u0105 form\u0119 do zapiekania, prze\u0142o\u017cy\u0107 do niej fasol\u0119. Zala\u0107 \u015bmietan\u0105, posypa\u0107 po wierzchu startym serem.<br \/>\n5. Nagrza\u0107 piekarnik do temperatury 170 st. C i zapieka\u0107 potraw\u0119 oko\u0142o 20 minut<\/p>\n","protected":false},"excerpt":{"rendered":"<p>60 dag bia\u0142ej fasoli, 20 dag chudego boczku, 2 cebule, szklanka \u015bmietany, szklanka startego \u017c\u00f3\u0142tego sera, s\u00f3l, pieprz, \u0142y\u017cka mas\u0142a 1. Namoczy\u0107 fasol\u0119 w 4 szklankach wody, nast\u0119pnego dnia ugotowa\u0107 do mi\u0119kko\u015bci z odrobin\u0105 soli. 2. Boczek pokroi\u0107 w ma\u0142\u0105 kostk\u0119 i stopi\u0107 na patelni, pod koniec doda\u0107 drobno posiekan\u0105 cebul\u0119. 3. Wymiesza\u0107 ugotowana fasol\u0119 [&hellip;]<\/p>\n","protected":false},"author":2,"featured_media":0,"comment_status":"open","ping_status":"open","sticky":false,"template":"","format":"standard","meta":{"footnotes":""},"categories":[1],"tags":[],"_links":{"self":[{"href":"https:\/\/blog.polityka.pl\/adamczewski\/wp-json\/wp\/v2\/posts\/10786"}],"collection":[{"href":"https:\/\/blog.polityka.pl\/adamczewski\/wp-json\/wp\/v2\/posts"}],"about":[{"href":"https:\/\/blog.polityka.pl\/adamczewski\/wp-json\/wp\/v2\/types\/post"}],"author":[{"embeddable":true,"href":"https:\/\/blog.polityka.pl\/adamczewski\/wp-json\/wp\/v2\/users\/2"}],"replies":[{"embeddable":true,"href":"https:\/\/blog.polityka.pl\/adamczewski\/wp-json\/wp\/v2\/comments?post=10786"}],"version-history":[{"count":0,"href":"https:\/\/blog.polityka.pl\/adamczewski\/wp-json\/wp\/v2\/posts\/10786\/revisions"}],"wp:attachment":[{"href":"https:\/\/blog.polityka.pl\/adamczewski\/wp-json\/wp\/v2\/media?parent=10786"}],"wp:term":[{"taxonomy":"category","embeddable":true,"href":"https:\/\/blog.polityka.pl\/adamczewski\/wp-json\/wp\/v2\/categories?post=10786"},{"taxonomy":"post_tag","embeddable":true,"href":"https:\/\/blog.polityka.pl\/adamczewski\/wp-json\/wp\/v2\/tags?post=10786"}],"curies":[{"name":"wp","href":"https:\/\/api.w.org\/{rel}","templated":true}]}}