
{"id":10788,"date":"2011-03-04T07:56:22","date_gmt":"2011-03-04T06:56:22","guid":{"rendered":"http:\/\/adamczewscy.pl\/?p=3130"},"modified":"2011-03-04T07:56:22","modified_gmt":"2011-03-04T06:56:22","slug":"zupa-z-rzodkiewkowych-listkow","status":"publish","type":"post","link":"https:\/\/blog.polityka.pl\/adamczewski\/2011\/03\/04\/zupa-z-rzodkiewkowych-listkow\/","title":{"rendered":"Zupa z rzodkiewkowych listk\u00f3w"},"content":{"rendered":"<p><em>4 szklanki bulionu drobiowego z kostki, 2 marchwie, pietruszka, seler i por, listki rzodkiewek, cebula, p\u00f3\u0142 szklanki \u015bmietany, 2 \u0142y\u017cki mas\u0142a, sok z cytryny (do smaku), s\u00f3l,, 4 \u0142y\u017cki ry\u017cu, s\u0142odka mielona papryka<br \/>\n<\/em><br \/>\n1. Marchew, pietruszk\u0119 i seler obra\u0107, pokroi\u0107 na du\u017ce kawa\u0142ki, doda\u0107 oczyszczony por i zala\u0107 warzywa bulionem i gotowa\u0107 20 minut, po czym wsypa\u0107 ry\u017c i ugotowa\u0107.<br \/>\n2. Li\u015bcie rzodkiewek (najlepiej je\u015bli s\u0105 to m\u0142ode, dorodne li\u015bcie) umy\u0107, posieka\u0107 niezbyt drobno.<br \/>\n3. Na ma\u015ble podsma\u017cy\u0107 na z\u0142oto drobno posiekan\u0105 cebul\u0119, po czym doda\u0107 li\u015bcie rzodkiewki i chwil\u0119 dusi\u0107.<br \/>\n4. Po\u0142\u0105czy\u0107 li\u015bcie rzodkiewek z przecedzonym przez durszlak bulionem, zagotowa\u0107, zaprawi\u0107 \u015bmietan\u0105, doda\u0107 do smaku sok cytrynowy, s\u00f3l i mielon\u0105 s\u0142odk\u0105 papryk\u0119. <\/p>\n<p>Uwaga: zup\u0119 tak\u0105 mo\u017cna przygotowa\u0107 tak\u017ce z kie\u0142k\u00f3w rzodkiewki<\/p>\n","protected":false},"excerpt":{"rendered":"<p>4 szklanki bulionu drobiowego z kostki, 2 marchwie, pietruszka, seler i por, listki rzodkiewek, cebula, p\u00f3\u0142 szklanki \u015bmietany, 2 \u0142y\u017cki mas\u0142a, sok z cytryny (do smaku), s\u00f3l,, 4 \u0142y\u017cki ry\u017cu, s\u0142odka mielona papryka 1. Marchew, pietruszk\u0119 i seler obra\u0107, pokroi\u0107 na du\u017ce kawa\u0142ki, doda\u0107 oczyszczony por i zala\u0107 warzywa bulionem i gotowa\u0107 20 minut, po [&hellip;]<\/p>\n","protected":false},"author":2,"featured_media":0,"comment_status":"open","ping_status":"open","sticky":false,"template":"","format":"standard","meta":{"footnotes":""},"categories":[1],"tags":[],"_links":{"self":[{"href":"https:\/\/blog.polityka.pl\/adamczewski\/wp-json\/wp\/v2\/posts\/10788"}],"collection":[{"href":"https:\/\/blog.polityka.pl\/adamczewski\/wp-json\/wp\/v2\/posts"}],"about":[{"href":"https:\/\/blog.polityka.pl\/adamczewski\/wp-json\/wp\/v2\/types\/post"}],"author":[{"embeddable":true,"href":"https:\/\/blog.polityka.pl\/adamczewski\/wp-json\/wp\/v2\/users\/2"}],"replies":[{"embeddable":true,"href":"https:\/\/blog.polityka.pl\/adamczewski\/wp-json\/wp\/v2\/comments?post=10788"}],"version-history":[{"count":0,"href":"https:\/\/blog.polityka.pl\/adamczewski\/wp-json\/wp\/v2\/posts\/10788\/revisions"}],"wp:attachment":[{"href":"https:\/\/blog.polityka.pl\/adamczewski\/wp-json\/wp\/v2\/media?parent=10788"}],"wp:term":[{"taxonomy":"category","embeddable":true,"href":"https:\/\/blog.polityka.pl\/adamczewski\/wp-json\/wp\/v2\/categories?post=10788"},{"taxonomy":"post_tag","embeddable":true,"href":"https:\/\/blog.polityka.pl\/adamczewski\/wp-json\/wp\/v2\/tags?post=10788"}],"curies":[{"name":"wp","href":"https:\/\/api.w.org\/{rel}","templated":true}]}}