
{"id":10792,"date":"2011-03-11T07:34:59","date_gmt":"2011-03-11T06:34:59","guid":{"rendered":"http:\/\/adamczewscy.pl\/?p=3136"},"modified":"2011-03-11T07:34:59","modified_gmt":"2011-03-11T06:34:59","slug":"zapiekanka-gryczana-z-twarogiem","status":"publish","type":"post","link":"https:\/\/blog.polityka.pl\/adamczewski\/2011\/03\/11\/zapiekanka-gryczana-z-twarogiem\/","title":{"rendered":"Zapiekanka gryczana z twarogiem"},"content":{"rendered":"<p><em>4 woreczki kaszy do gotowania, 3 \u0142y\u017cki mas\u0142a, 3 z\u0105bki czosnku, 30 dag p\u00f3\u0142t\u0142ustego twarogu, 2 jaja, 5 \u0142y\u017cek posiekanego szczypiorku, 3\/4 szklanki \u015bmietany 18-proc., s\u00f3l, pieprz<br \/>\n<\/em><br \/>\n1. Ugotowa\u0107 kasz\u0119 w lekko osolonej wodzie, wyj\u0105\u0107 z garnka, otworzy\u0107 woreczki i wsypa\u0107 kasz\u0119 do miseczki. Wymiesza\u0107 widelcem.<br \/>\n2. Ser pokruszy\u0107 widelcem, doda\u0107 \u017c\u00f3\u0142tka, s\u00f3l i pieprz.<br \/>\n3. Stopi\u0107 mas\u0142o w garnuszku, pozostawi\u0107 p\u00f3\u0142 \u0142y\u017cki mas\u0142a do posmarowania naczynia \u017caroodpornego, do pozosta\u0142ego doda\u0107 przeci\u015bni\u0119ty przez prask\u0119 czosnek i silnie zagrza\u0107 razem.<br \/>\n4. W posmarowanym mas\u0142em naczyniu \u017caroodpornym u\u0142o\u017cy\u0107 po\u0142ow\u0119 kaszy, na niej ser utarty z \u017c\u00f3\u0142tkami. Do pozosta\u0142ej kaszy doda\u0107 2 \u0142y\u017cki szczypiorku, wymiesza\u0107, wy\u0142o\u017cy\u0107 kasz\u0119 na ser.<br \/>\n5. Mas\u0142em z czosnkiem r\u00f3wnomiernie pola\u0107, przy pomocy \u0142y\u017cki, warstw\u0119 kaszy.<br \/>\n6. Ubi\u0107 \u015bmietan\u0119 z bia\u0142kami oraz pozosta\u0142ym szczypiorkiem, sol\u0105 i pieprzem. Pola\u0107 zapiekank\u0119.<br \/>\n7. Nagrza\u0107 piekarnik do 160-170 \u00b0 C i piec potraw\u0119 20 minut. <\/p>\n","protected":false},"excerpt":{"rendered":"<p>4 woreczki kaszy do gotowania, 3 \u0142y\u017cki mas\u0142a, 3 z\u0105bki czosnku, 30 dag p\u00f3\u0142t\u0142ustego twarogu, 2 jaja, 5 \u0142y\u017cek posiekanego szczypiorku, 3\/4 szklanki \u015bmietany 18-proc., s\u00f3l, pieprz 1. Ugotowa\u0107 kasz\u0119 w lekko osolonej wodzie, wyj\u0105\u0107 z garnka, otworzy\u0107 woreczki i wsypa\u0107 kasz\u0119 do miseczki. Wymiesza\u0107 widelcem. 2. Ser pokruszy\u0107 widelcem, doda\u0107 \u017c\u00f3\u0142tka, s\u00f3l i pieprz. [&hellip;]<\/p>\n","protected":false},"author":2,"featured_media":0,"comment_status":"open","ping_status":"open","sticky":false,"template":"","format":"standard","meta":{"footnotes":""},"categories":[1],"tags":[],"_links":{"self":[{"href":"https:\/\/blog.polityka.pl\/adamczewski\/wp-json\/wp\/v2\/posts\/10792"}],"collection":[{"href":"https:\/\/blog.polityka.pl\/adamczewski\/wp-json\/wp\/v2\/posts"}],"about":[{"href":"https:\/\/blog.polityka.pl\/adamczewski\/wp-json\/wp\/v2\/types\/post"}],"author":[{"embeddable":true,"href":"https:\/\/blog.polityka.pl\/adamczewski\/wp-json\/wp\/v2\/users\/2"}],"replies":[{"embeddable":true,"href":"https:\/\/blog.polityka.pl\/adamczewski\/wp-json\/wp\/v2\/comments?post=10792"}],"version-history":[{"count":0,"href":"https:\/\/blog.polityka.pl\/adamczewski\/wp-json\/wp\/v2\/posts\/10792\/revisions"}],"wp:attachment":[{"href":"https:\/\/blog.polityka.pl\/adamczewski\/wp-json\/wp\/v2\/media?parent=10792"}],"wp:term":[{"taxonomy":"category","embeddable":true,"href":"https:\/\/blog.polityka.pl\/adamczewski\/wp-json\/wp\/v2\/categories?post=10792"},{"taxonomy":"post_tag","embeddable":true,"href":"https:\/\/blog.polityka.pl\/adamczewski\/wp-json\/wp\/v2\/tags?post=10792"}],"curies":[{"name":"wp","href":"https:\/\/api.w.org\/{rel}","templated":true}]}}