
{"id":10793,"date":"2011-03-11T07:35:46","date_gmt":"2011-03-11T06:35:46","guid":{"rendered":"http:\/\/adamczewscy.pl\/?p=3137"},"modified":"2011-03-11T07:35:46","modified_gmt":"2011-03-11T06:35:46","slug":"rogaliki-z-makowymi-kropkami","status":"publish","type":"post","link":"https:\/\/blog.polityka.pl\/adamczewski\/2011\/03\/11\/rogaliki-z-makowymi-kropkami\/","title":{"rendered":"Rogaliki z makowymi kropkami"},"content":{"rendered":"<p><em>2,5 szklanki maki, 25 dag twaro\u017cku homogenizowanego, kostka mas\u0142a, \u0142y\u017cka cukru i torebka cukru waniliowego, \u0142y\u017ceczka proszku do pieczenia, 2 \u0142yzki suchego maku,<br \/>\nDo posypania rogalik\u00f3w: 2-3 \u0142y\u017cki cukru pudru<br \/>\n<\/em><br \/>\n1. Mas\u0142o posieka\u0107 na drobne kawa\u0142ki, doda\u0107 do m\u0105ki wymieszanej z proszkiem do pieczenia, doda\u0107 serek, cukier, cukier waniliowy i mak. Szybko zagnie\u015b\u0107 ciasto. W\u0142o\u017cy\u0107 do lod\u00f3wki na 30 minut.<br \/>\n2. Podzieli\u0107 ciasto na 4 cz\u0119\u015bci, rozwa\u0142kowa\u0107 ka\u017cd\u0105 na kszta\u0142t ko\u0142a, podzieli\u0107 promieni\u015bcie. Z powsta\u0142ych cz\u0105stek formowa\u0107 rogaliki zwijaj\u0105c je od najszerszej cz\u0119\u015bci, zagi\u0105\u0107 ro\u017cki nadaj\u0105c kszta\u0142t rogalik\u00f3w.<br \/>\n3. U\u0142o\u017cy\u0107 rogaliki na blaszce wy\u0142o\u017conej papierem do wypiek\u00f3w. Piec w nagrzanym do 180 \u00b0C piekarniku oko\u0142o 20 minut.<br \/>\n4. Zdejmowa\u0107 z blaszki jeszcze ciep\u0142e rogaliki i obtacza\u0107 w cukrze pudrze. <\/p>\n","protected":false},"excerpt":{"rendered":"<p>2,5 szklanki maki, 25 dag twaro\u017cku homogenizowanego, kostka mas\u0142a, \u0142y\u017cka cukru i torebka cukru waniliowego, \u0142y\u017ceczka proszku do pieczenia, 2 \u0142yzki suchego maku, Do posypania rogalik\u00f3w: 2-3 \u0142y\u017cki cukru pudru 1. Mas\u0142o posieka\u0107 na drobne kawa\u0142ki, doda\u0107 do m\u0105ki wymieszanej z proszkiem do pieczenia, doda\u0107 serek, cukier, cukier waniliowy i mak. Szybko zagnie\u015b\u0107 ciasto. W\u0142o\u017cy\u0107 [&hellip;]<\/p>\n","protected":false},"author":2,"featured_media":0,"comment_status":"open","ping_status":"open","sticky":false,"template":"","format":"standard","meta":{"footnotes":""},"categories":[1],"tags":[],"_links":{"self":[{"href":"https:\/\/blog.polityka.pl\/adamczewski\/wp-json\/wp\/v2\/posts\/10793"}],"collection":[{"href":"https:\/\/blog.polityka.pl\/adamczewski\/wp-json\/wp\/v2\/posts"}],"about":[{"href":"https:\/\/blog.polityka.pl\/adamczewski\/wp-json\/wp\/v2\/types\/post"}],"author":[{"embeddable":true,"href":"https:\/\/blog.polityka.pl\/adamczewski\/wp-json\/wp\/v2\/users\/2"}],"replies":[{"embeddable":true,"href":"https:\/\/blog.polityka.pl\/adamczewski\/wp-json\/wp\/v2\/comments?post=10793"}],"version-history":[{"count":0,"href":"https:\/\/blog.polityka.pl\/adamczewski\/wp-json\/wp\/v2\/posts\/10793\/revisions"}],"wp:attachment":[{"href":"https:\/\/blog.polityka.pl\/adamczewski\/wp-json\/wp\/v2\/media?parent=10793"}],"wp:term":[{"taxonomy":"category","embeddable":true,"href":"https:\/\/blog.polityka.pl\/adamczewski\/wp-json\/wp\/v2\/categories?post=10793"},{"taxonomy":"post_tag","embeddable":true,"href":"https:\/\/blog.polityka.pl\/adamczewski\/wp-json\/wp\/v2\/tags?post=10793"}],"curies":[{"name":"wp","href":"https:\/\/api.w.org\/{rel}","templated":true}]}}