
{"id":10794,"date":"2011-03-11T07:36:33","date_gmt":"2011-03-11T06:36:33","guid":{"rendered":"http:\/\/adamczewscy.pl\/?p=3138"},"modified":"2011-03-11T07:36:33","modified_gmt":"2011-03-11T06:36:33","slug":"paczki-serowe","status":"publish","type":"post","link":"https:\/\/blog.polityka.pl\/adamczewski\/2011\/03\/11\/paczki-serowe\/","title":{"rendered":"P\u0105czki serowe"},"content":{"rendered":"<p><em>1,5 szklanki m\u0105ki, 3 jaja, 2 waniliowe serki homogenizowane, \u0142y\u017ceczka proszku do pieczenia  oraz 3 \u0142y\u017cki drobnych rodzynek<br \/>\nDo sma\u017cenia: 2 szklanki oleju, cukier puder do posypywania<\/em><\/p>\n<p>1. Wymiesza\u0107 mikserem sk\u0142adniki ciasta, na koniec doda\u0107 rodzynki i wymiesza\u0107 \u0142y\u017ck\u0105.<br \/>\n2. Na g\u0142\u0119bokiej patelni rozgrza\u0107 olej, nabiera\u0107 \u0142y\u017ck\u0105 mo\u017cliwie foremne k\u0119sy ciasta, sma\u017cy\u0107 na oleju z obu stron na z\u0142ocisto. Wyjmowa\u0107 \u0142y\u017ck\u0105 durszlakow\u0105, os\u0105cza\u0107 na kawa\u0142ku papierowego r\u0119cznika kuchennego, po czym opr\u00f3sza\u0107 przez sitko cukrem pudrem. <\/p>\n","protected":false},"excerpt":{"rendered":"<p>1,5 szklanki m\u0105ki, 3 jaja, 2 waniliowe serki homogenizowane, \u0142y\u017ceczka proszku do pieczenia oraz 3 \u0142y\u017cki drobnych rodzynek Do sma\u017cenia: 2 szklanki oleju, cukier puder do posypywania 1. Wymiesza\u0107 mikserem sk\u0142adniki ciasta, na koniec doda\u0107 rodzynki i wymiesza\u0107 \u0142y\u017ck\u0105. 2. Na g\u0142\u0119bokiej patelni rozgrza\u0107 olej, nabiera\u0107 \u0142y\u017ck\u0105 mo\u017cliwie foremne k\u0119sy ciasta, sma\u017cy\u0107 na oleju z [&hellip;]<\/p>\n","protected":false},"author":2,"featured_media":0,"comment_status":"open","ping_status":"open","sticky":false,"template":"","format":"standard","meta":{"footnotes":""},"categories":[1],"tags":[],"_links":{"self":[{"href":"https:\/\/blog.polityka.pl\/adamczewski\/wp-json\/wp\/v2\/posts\/10794"}],"collection":[{"href":"https:\/\/blog.polityka.pl\/adamczewski\/wp-json\/wp\/v2\/posts"}],"about":[{"href":"https:\/\/blog.polityka.pl\/adamczewski\/wp-json\/wp\/v2\/types\/post"}],"author":[{"embeddable":true,"href":"https:\/\/blog.polityka.pl\/adamczewski\/wp-json\/wp\/v2\/users\/2"}],"replies":[{"embeddable":true,"href":"https:\/\/blog.polityka.pl\/adamczewski\/wp-json\/wp\/v2\/comments?post=10794"}],"version-history":[{"count":0,"href":"https:\/\/blog.polityka.pl\/adamczewski\/wp-json\/wp\/v2\/posts\/10794\/revisions"}],"wp:attachment":[{"href":"https:\/\/blog.polityka.pl\/adamczewski\/wp-json\/wp\/v2\/media?parent=10794"}],"wp:term":[{"taxonomy":"category","embeddable":true,"href":"https:\/\/blog.polityka.pl\/adamczewski\/wp-json\/wp\/v2\/categories?post=10794"},{"taxonomy":"post_tag","embeddable":true,"href":"https:\/\/blog.polityka.pl\/adamczewski\/wp-json\/wp\/v2\/tags?post=10794"}],"curies":[{"name":"wp","href":"https:\/\/api.w.org\/{rel}","templated":true}]}}